{"id":1,"count":24,"description":"","link":"https:\/\/www.stefan-gros.de\/en\/category\/unkategorisiert\/","name":"Unkategorisiert","slug":"unkategorisiert","taxonomy":"category","parent":0,"meta":[],"yoast_head":"<!-- This site is optimized with the Yoast SEO plugin v27.4 - https:\/\/yoast.com\/product\/yoast-seo-wordpress\/ -->\n<title>Unkategorisiert Archive | Dr. Stefan Gros<\/title>\n<meta name=\"robots\" content=\"index, follow, max-snippet:-1, max-image-preview:large, max-video-preview:-1\" \/>\n<link rel=\"canonical\" href=\"https:\/\/www.stefan-gros.de\/en\/category\/unkategorisiert\/\" \/>\n<meta property=\"og:locale\" content=\"en_US\" \/>\n<meta property=\"og:type\" content=\"article\" \/>\n<meta property=\"og:title\" content=\"Unkategorisiert Archive | Dr. Stefan Gros\" \/>\n<meta property=\"og:url\" content=\"https:\/\/www.stefan-gros.de\/en\/category\/unkategorisiert\/\" \/>\n<meta property=\"og:site_name\" content=\"Dr. Stefan Gros\" \/>\n<meta name=\"twitter:card\" content=\"summary_large_image\" \/>\n<script type=\"application\/ld+json\" class=\"yoast-schema-graph\">{\"@context\":\"https:\\\/\\\/schema.org\",\"@graph\":[{\"@type\":\"CollectionPage\",\"@id\":\"https:\\\/\\\/www.stefan-gros.de\\\/en\\\/category\\\/unkategorisiert\\\/\",\"url\":\"https:\\\/\\\/www.stefan-gros.de\\\/en\\\/category\\\/unkategorisiert\\\/\",\"name\":\"Unkategorisiert Archive | Dr. Stefan Gros\",\"isPartOf\":{\"@id\":\"https:\\\/\\\/www.stefan-gros.de\\\/en\\\/#website\"},\"breadcrumb\":{\"@id\":\"https:\\\/\\\/www.stefan-gros.de\\\/en\\\/category\\\/unkategorisiert\\\/#breadcrumb\"},\"inLanguage\":\"en-US\"},{\"@type\":\"BreadcrumbList\",\"@id\":\"https:\\\/\\\/www.stefan-gros.de\\\/en\\\/category\\\/unkategorisiert\\\/#breadcrumb\",\"itemListElement\":[{\"@type\":\"ListItem\",\"position\":1,\"name\":\"Startseite\",\"item\":\"https:\\\/\\\/www.stefan-gros.de\\\/en\\\/\"},{\"@type\":\"ListItem\",\"position\":2,\"name\":\"Unkategorisiert\"}]},{\"@type\":\"WebSite\",\"@id\":\"https:\\\/\\\/www.stefan-gros.de\\\/en\\\/#website\",\"url\":\"https:\\\/\\\/www.stefan-gros.de\\\/en\\\/\",\"name\":\"Dr. Stefan Gros\",\"description\":\"Chief Financial Officer\",\"publisher\":{\"@id\":\"https:\\\/\\\/www.stefan-gros.de\\\/en\\\/#\\\/schema\\\/person\\\/3e56e01f6f2443cb5b42fb41bdc31b78\"},\"potentialAction\":[{\"@type\":\"SearchAction\",\"target\":{\"@type\":\"EntryPoint\",\"urlTemplate\":\"https:\\\/\\\/www.stefan-gros.de\\\/en\\\/?s={search_term_string}\"},\"query-input\":{\"@type\":\"PropertyValueSpecification\",\"valueRequired\":true,\"valueName\":\"search_term_string\"}}],\"inLanguage\":\"en-US\"},{\"@type\":[\"Person\",\"Organization\"],\"@id\":\"https:\\\/\\\/www.stefan-gros.de\\\/en\\\/#\\\/schema\\\/person\\\/3e56e01f6f2443cb5b42fb41bdc31b78\",\"name\":\"Dr. Stefan Gros | CFO\",\"image\":{\"@type\":\"ImageObject\",\"inLanguage\":\"en-US\",\"@id\":\"https:\\\/\\\/www.stefan-gros.de\\\/wp-content\\\/uploads\\\/2020\\\/12\\\/Dr-Stefan-Gros-CFO-Interim-Manager-bg-contact-02.jpg\",\"url\":\"https:\\\/\\\/www.stefan-gros.de\\\/wp-content\\\/uploads\\\/2020\\\/12\\\/Dr-Stefan-Gros-CFO-Interim-Manager-bg-contact-02.jpg\",\"contentUrl\":\"https:\\\/\\\/www.stefan-gros.de\\\/wp-content\\\/uploads\\\/2020\\\/12\\\/Dr-Stefan-Gros-CFO-Interim-Manager-bg-contact-02.jpg\",\"width\":1280,\"height\":774,\"caption\":\"Dr. Stefan Gros | CFO\"},\"logo\":{\"@id\":\"https:\\\/\\\/www.stefan-gros.de\\\/wp-content\\\/uploads\\\/2020\\\/12\\\/Dr-Stefan-Gros-CFO-Interim-Manager-bg-contact-02.jpg\"},\"description\":\"Dr. Stefan Gros ist Chief Financial Officer und Transformation Officer ad interim. Mit seiner mehr als 25-j\u00e4hrigen Berufs- und F\u00fchrungserfahrung z\u00e4hlt er zu den Top-Executives in Deutschland f\u00fcr Unternehmen mit spezifischen Herausforderungen und komplexen Situationen.\"}]}<\/script>\n<!-- \/ Yoast SEO plugin. -->","yoast_head_json":{"title":"Unkategorisiert Archive | Dr. Stefan Gros","robots":{"index":"index","follow":"follow","max-snippet":"max-snippet:-1","max-image-preview":"max-image-preview:large","max-video-preview":"max-video-preview:-1"},"canonical":"https:\/\/www.stefan-gros.de\/en\/category\/unkategorisiert\/","og_locale":"en_US","og_type":"article","og_title":"Unkategorisiert Archive | Dr. Stefan Gros","og_url":"https:\/\/www.stefan-gros.de\/en\/category\/unkategorisiert\/","og_site_name":"Dr. Stefan Gros","twitter_card":"summary_large_image","schema":{"@context":"https:\/\/schema.org","@graph":[{"@type":"CollectionPage","@id":"https:\/\/www.stefan-gros.de\/en\/category\/unkategorisiert\/","url":"https:\/\/www.stefan-gros.de\/en\/category\/unkategorisiert\/","name":"Unkategorisiert Archive | Dr. Stefan Gros","isPartOf":{"@id":"https:\/\/www.stefan-gros.de\/en\/#website"},"breadcrumb":{"@id":"https:\/\/www.stefan-gros.de\/en\/category\/unkategorisiert\/#breadcrumb"},"inLanguage":"en-US"},{"@type":"BreadcrumbList","@id":"https:\/\/www.stefan-gros.de\/en\/category\/unkategorisiert\/#breadcrumb","itemListElement":[{"@type":"ListItem","position":1,"name":"Startseite","item":"https:\/\/www.stefan-gros.de\/en\/"},{"@type":"ListItem","position":2,"name":"Unkategorisiert"}]},{"@type":"WebSite","@id":"https:\/\/www.stefan-gros.de\/en\/#website","url":"https:\/\/www.stefan-gros.de\/en\/","name":"Dr. Stefan Gros","description":"Chief Financial Officer","publisher":{"@id":"https:\/\/www.stefan-gros.de\/en\/#\/schema\/person\/3e56e01f6f2443cb5b42fb41bdc31b78"},"potentialAction":[{"@type":"SearchAction","target":{"@type":"EntryPoint","urlTemplate":"https:\/\/www.stefan-gros.de\/en\/?s={search_term_string}"},"query-input":{"@type":"PropertyValueSpecification","valueRequired":true,"valueName":"search_term_string"}}],"inLanguage":"en-US"},{"@type":["Person","Organization"],"@id":"https:\/\/www.stefan-gros.de\/en\/#\/schema\/person\/3e56e01f6f2443cb5b42fb41bdc31b78","name":"Dr. Stefan Gros | CFO","image":{"@type":"ImageObject","inLanguage":"en-US","@id":"https:\/\/www.stefan-gros.de\/wp-content\/uploads\/2020\/12\/Dr-Stefan-Gros-CFO-Interim-Manager-bg-contact-02.jpg","url":"https:\/\/www.stefan-gros.de\/wp-content\/uploads\/2020\/12\/Dr-Stefan-Gros-CFO-Interim-Manager-bg-contact-02.jpg","contentUrl":"https:\/\/www.stefan-gros.de\/wp-content\/uploads\/2020\/12\/Dr-Stefan-Gros-CFO-Interim-Manager-bg-contact-02.jpg","width":1280,"height":774,"caption":"Dr. Stefan Gros | CFO"},"logo":{"@id":"https:\/\/www.stefan-gros.de\/wp-content\/uploads\/2020\/12\/Dr-Stefan-Gros-CFO-Interim-Manager-bg-contact-02.jpg"},"description":"Dr. Stefan Gros ist Chief Financial Officer und Transformation Officer ad interim. Mit seiner mehr als 25-j\u00e4hrigen Berufs- und F\u00fchrungserfahrung z\u00e4hlt er zu den Top-Executives in Deutschland f\u00fcr Unternehmen mit spezifischen Herausforderungen und komplexen Situationen."}]}},"_links":{"self":[{"href":"https:\/\/www.stefan-gros.de\/en\/wp-json\/wp\/v2\/categories\/1","targetHints":{"allow":["GET"]}}],"collection":[{"href":"https:\/\/www.stefan-gros.de\/en\/wp-json\/wp\/v2\/categories"}],"about":[{"href":"https:\/\/www.stefan-gros.de\/en\/wp-json\/wp\/v2\/taxonomies\/category"}],"wp:post_type":[{"href":"https:\/\/www.stefan-gros.de\/en\/wp-json\/wp\/v2\/posts?categories=1"}],"curies":[{"name":"wp","href":"https:\/\/api.w.org\/{rel}","templated":true}]}}