{"id":2424,"date":"2022-01-24T08:11:08","date_gmt":"2022-01-24T07:11:08","guid":{"rendered":"https:\/\/www.stefan-gros.de\/holistic-working-capital-management-in-times-of-crisis\/"},"modified":"2024-07-25T20:11:52","modified_gmt":"2024-07-25T18:11:52","slug":"holistic-working-capital-management-in-times-of-crisis","status":"publish","type":"post","link":"https:\/\/www.stefan-gros.de\/en\/holistic-working-capital-management-in-times-of-crisis\/","title":{"rendered":"Holistic working capital management in times of crisis"},"content":{"rendered":"\t\t<div data-elementor-type=\"wp-post\" data-elementor-id=\"2424\" class=\"elementor elementor-2424 elementor-4\" data-elementor-post-type=\"post\">\n\t\t\t\t\t\t<section class=\"elementor-section elementor-top-section elementor-element elementor-element-4d1d2436 elementor-section-boxed elementor-section-height-default elementor-section-height-default\" data-id=\"4d1d2436\" data-element_type=\"section\" data-e-type=\"section\">\n\t\t\t\t\t\t<div class=\"elementor-container elementor-column-gap-default\">\n\t\t\t\t\t<div class=\"elementor-column elementor-col-100 elementor-top-column elementor-element elementor-element-2fde5723\" data-id=\"2fde5723\" data-element_type=\"column\" data-e-type=\"column\">\n\t\t\t<div class=\"elementor-widget-wrap elementor-element-populated\">\n\t\t\t\t\t\t<div class=\"elementor-element elementor-element-3b67455 elementor-widget elementor-widget-theme-post-featured-image elementor-widget-image\" data-id=\"3b67455\" data-element_type=\"widget\" data-e-type=\"widget\" data-widget_type=\"theme-post-featured-image.default\">\n\t\t\t\t<div class=\"elementor-widget-container\">\n\t\t\t\t\t\t\t\t\t\t\t\t\t\t\t<img fetchpriority=\"high\" decoding=\"async\" width=\"1000\" height=\"680\" src=\"https:\/\/www.stefan-gros.de\/wp-content\/uploads\/2016\/01\/Dr-Stefan-Gros-CFO-Interim-Manager-beitrag-ganzheitliches-working-capital-management-in-zeiten-von-corona.jpg\" class=\"attachment-full size-full wp-image-2313\" alt=\"\" srcset=\"https:\/\/www.stefan-gros.de\/wp-content\/uploads\/2016\/01\/Dr-Stefan-Gros-CFO-Interim-Manager-beitrag-ganzheitliches-working-capital-management-in-zeiten-von-corona.jpg 1000w, https:\/\/www.stefan-gros.de\/wp-content\/uploads\/2016\/01\/Dr-Stefan-Gros-CFO-Interim-Manager-beitrag-ganzheitliches-working-capital-management-in-zeiten-von-corona-300x204.jpg 300w, https:\/\/www.stefan-gros.de\/wp-content\/uploads\/2016\/01\/Dr-Stefan-Gros-CFO-Interim-Manager-beitrag-ganzheitliches-working-capital-management-in-zeiten-von-corona-768x522.jpg 768w\" sizes=\"(max-width: 1000px) 100vw, 1000px\" \/>\t\t\t\t\t\t\t\t\t\t\t\t\t\t\t<\/div>\n\t\t\t\t<\/div>\n\t\t\t\t<section class=\"elementor-section elementor-inner-section elementor-element elementor-element-ffe8f19 elementor-section-boxed elementor-section-height-default elementor-section-height-default\" data-id=\"ffe8f19\" data-element_type=\"section\" data-e-type=\"section\">\n\t\t\t\t\t\t<div class=\"elementor-container elementor-column-gap-default\">\n\t\t\t\t\t<div class=\"elementor-column elementor-col-100 elementor-inner-column elementor-element elementor-element-b0b2486\" data-id=\"b0b2486\" data-element_type=\"column\" data-e-type=\"column\">\n\t\t\t<div class=\"elementor-widget-wrap elementor-element-populated\">\n\t\t\t\t\t\t<div class=\"elementor-element elementor-element-8752f03 elementor-widget elementor-widget-theme-post-title elementor-page-title elementor-widget-heading\" data-id=\"8752f03\" data-element_type=\"widget\" data-e-type=\"widget\" data-widget_type=\"theme-post-title.default\">\n\t\t\t\t<div class=\"elementor-widget-container\">\n\t\t\t\t\t<h1 class=\"elementor-heading-title elementor-size-default\">Holistic working capital management in times of crisis<\/h1>\t\t\t\t<\/div>\n\t\t\t\t<\/div>\n\t\t\t\t\t<\/div>\n\t\t<\/div>\n\t\t\t\t\t<\/div>\n\t\t<\/section>\n\t\t\t\t<section class=\"elementor-section elementor-inner-section elementor-element elementor-element-066828e elementor-section-boxed elementor-section-height-default elementor-section-height-default\" data-id=\"066828e\" data-element_type=\"section\" data-e-type=\"section\">\n\t\t\t\t\t\t<div class=\"elementor-container elementor-column-gap-default\">\n\t\t\t\t\t<div class=\"elementor-column elementor-col-100 elementor-inner-column elementor-element elementor-element-6e0284a\" data-id=\"6e0284a\" data-element_type=\"column\" data-e-type=\"column\">\n\t\t\t<div class=\"elementor-widget-wrap elementor-element-populated\">\n\t\t\t\t\t\t<div class=\"elementor-element elementor-element-6ac50c4 elementor-widget elementor-widget-text-editor\" data-id=\"6ac50c4\" data-element_type=\"widget\" data-e-type=\"widget\" data-widget_type=\"text-editor.default\">\n\t\t\t\t<div class=\"elementor-widget-container\">\n\t\t\t\t\t\t\t\t\t<p>The current period presents companies with largely unprecedented challenges.<br \/>\nPolitical measures to contain the spread of Covid-19 have resulted in serious operational disruptions that have affected almost all sectors and continue to this day in some areas.<br \/>\nMany companies are facing quarantines for their workforce, disruptions in the value chain, inventory shortages and a sudden collapse in demand.  <\/p>\n<p>These new business conditions are increasing the pressure on existing liquidity, particularly because sales slumps will increasingly be permanent in nature rather than merely temporary.<br \/>\nThis situation presents companies with the task of proactively approaching suppliers, customers and lenders in order to identify short-term solutions to support cash flow and leverage hidden potential. <\/p>\n<p>Working capital management plays a decisive role here as a component.<br \/>\nThis becomes all the more evident and at the same time more problematic in these turbulent times with uncertain markets and the accompanying increase in the turnover period of current assets and often associated longer receivables terms.<br \/>\nThrough optimized and coordinated processes in purchasing, inventory management, sales and receivables and payables management, companies can establish and implement measures as part of integrated working capital management that can ensure a sustainably improved return on capital while simultaneously improving the liquidity position.  <\/p>\n\t\t\t\t\t\t\t\t<\/div>\n\t\t\t\t<\/div>\n\t\t\t\t\t<\/div>\n\t\t<\/div>\n\t\t\t\t\t<\/div>\n\t\t<\/section>\n\t\t\t\t<section class=\"elementor-section elementor-inner-section elementor-element elementor-element-64e9c23 elementor-section-boxed elementor-section-height-default elementor-section-height-default\" data-id=\"64e9c23\" data-element_type=\"section\" data-e-type=\"section\">\n\t\t\t\t\t\t<div class=\"elementor-container elementor-column-gap-default\">\n\t\t\t\t\t<div class=\"elementor-column elementor-col-100 elementor-inner-column elementor-element elementor-element-935ab3c\" data-id=\"935ab3c\" data-element_type=\"column\" data-e-type=\"column\" data-settings=\"{&quot;background_background&quot;:&quot;classic&quot;}\">\n\t\t\t<div class=\"elementor-widget-wrap elementor-element-populated\">\n\t\t\t\t\t\t<div class=\"elementor-element elementor-element-470f676 elementor-widget elementor-widget-text-editor\" data-id=\"470f676\" data-element_type=\"widget\" data-e-type=\"widget\" data-widget_type=\"text-editor.default\">\n\t\t\t\t<div class=\"elementor-widget-container\">\n\t\t\t\t\t\t\t\t\t<p><strong>Current potential problem areas for companies <\/strong><br \/>Simultaneous collapse in demand and restrictions on value chains are putting pressure on cash positions and working capital.  <\/p>\n<ul>\n<li>Suppliers are unable to deliver critical components, leading to delays in the production process<\/li>\n<li>A downturn in customer demand increases inventories and makes them increasingly difficult to sell<\/li>\n<li>Receivables are more difficult to collect promptly due to customers in financial difficulties<\/li>\n<li>Short-term restrictions affecting cash flow lead to difficulties in paying suppliers<\/li>\n<\/ul>\n<p>Against this backdrop, the importance of effective and optimized working capital management is more apparent than ever.<br \/>\nIn recent years, this measure was still low on the list of priorities for some companies, but due to the difficult combination of inevitably high inventories, high levels of receivables and expensive liabilities, it is now becoming an acute urgency with the need to act. <\/p>\n\t\t\t\t\t\t\t\t<\/div>\n\t\t\t\t<\/div>\n\t\t\t\t\t<\/div>\n\t\t<\/div>\n\t\t\t\t\t<\/div>\n\t\t<\/section>\n\t\t\t\t<section class=\"elementor-section elementor-inner-section elementor-element elementor-element-c55da42 elementor-section-boxed elementor-section-height-default elementor-section-height-default\" data-id=\"c55da42\" data-element_type=\"section\" data-e-type=\"section\">\n\t\t\t\t\t\t<div class=\"elementor-container elementor-column-gap-default\">\n\t\t\t\t\t<div class=\"elementor-column elementor-col-100 elementor-inner-column elementor-element elementor-element-13d8097\" data-id=\"13d8097\" data-element_type=\"column\" data-e-type=\"column\">\n\t\t\t<div class=\"elementor-widget-wrap elementor-element-populated\">\n\t\t\t\t\t\t<div class=\"elementor-element elementor-element-0860214 elementor-widget elementor-widget-heading\" data-id=\"0860214\" data-element_type=\"widget\" data-e-type=\"widget\" data-widget_type=\"heading.default\">\n\t\t\t\t<div class=\"elementor-widget-container\">\n\t\t\t\t\t<h3 class=\"elementor-heading-title elementor-size-default\">Holistic working capital management as a solution<\/h3>\t\t\t\t<\/div>\n\t\t\t\t<\/div>\n\t\t\t\t<div class=\"elementor-element elementor-element-28eb87f elementor-widget elementor-widget-text-editor\" data-id=\"28eb87f\" data-element_type=\"widget\" data-e-type=\"widget\" data-widget_type=\"text-editor.default\">\n\t\t\t\t<div class=\"elementor-widget-container\">\n\t\t\t\t\t\t\t\t\t<p>Holistic working capital is the method of choice here because it recognizes the prevailing exceptional situation and goes beyond a purely business management approach to sustainably link management and optimization to three essential basic processes in the company: order-to-cash, purchase-to-pay and forecast-to-fulfill (see Fig. 1).<\/p>\n<p>These three components make it clear that the drivers of working capital performance are operational rather than financial.<br \/>\nFor example, debt collection issues could be due to a number of reasons other than poor staff performance.<br \/>\nFor example, a supplier could be supplying the company with faulty products, which has an impact on the quality of the end products and can lead to customers withholding payments.<br \/>\nOr the shipping department may not meet deadlines, resulting in customers receiving deliveries late.<br \/>\nThe aim of holistic and integrated working capital management is to include all of the main processes described along the value chain in the approach and thus to identify and holistically optimize cross-functional relationships and dependencies.    <\/p>\n\t\t\t\t\t\t\t\t<\/div>\n\t\t\t\t<\/div>\n\t\t\t\t<div class=\"elementor-element elementor-element-216943a elementor-widget elementor-widget-image\" data-id=\"216943a\" data-element_type=\"widget\" data-e-type=\"widget\" data-widget_type=\"image.default\">\n\t\t\t\t<div class=\"elementor-widget-container\">\n\t\t\t\t\t\t\t\t\t\t\t\t<figure class=\"wp-caption\">\n\t\t\t\t\t\t\t\t\t\t<img decoding=\"async\" width=\"864\" height=\"368\" src=\"https:\/\/www.stefan-gros.de\/wp-content\/uploads\/2016\/01\/Dr-Stefan-Gros-CFO-Interim-Manager-beitrag-ganzheitliches-working-capital-management-in-zeiten-von-corona-grafik-abb1.png\" class=\"attachment-full size-full wp-image-2314\" alt=\"\" srcset=\"https:\/\/www.stefan-gros.de\/wp-content\/uploads\/2016\/01\/Dr-Stefan-Gros-CFO-Interim-Manager-beitrag-ganzheitliches-working-capital-management-in-zeiten-von-corona-grafik-abb1.png 864w, https:\/\/www.stefan-gros.de\/wp-content\/uploads\/2016\/01\/Dr-Stefan-Gros-CFO-Interim-Manager-beitrag-ganzheitliches-working-capital-management-in-zeiten-von-corona-grafik-abb1-300x128.png 300w, https:\/\/www.stefan-gros.de\/wp-content\/uploads\/2016\/01\/Dr-Stefan-Gros-CFO-Interim-Manager-beitrag-ganzheitliches-working-capital-management-in-zeiten-von-corona-grafik-abb1-768x327.png 768w\" sizes=\"(max-width: 864px) 100vw, 864px\" \/>\t\t\t\t\t\t\t\t\t\t\t<figcaption class=\"widget-image-caption wp-caption-text\">Fig.\n1: Affected processes in the context of working capital management <\/figcaption>\n\t\t\t\t\t\t\t\t\t\t<\/figure>\n\t\t\t\t\t\t\t\t\t<\/div>\n\t\t\t\t<\/div>\n\t\t\t\t<div class=\"elementor-element elementor-element-62a911e elementor-widget elementor-widget-heading\" data-id=\"62a911e\" data-element_type=\"widget\" data-e-type=\"widget\" data-widget_type=\"heading.default\">\n\t\t\t\t<div class=\"elementor-widget-container\">\n\t\t\t\t\t<h3 class=\"elementor-heading-title elementor-size-default\">Specific guidelines for successful working capital management<\/h3>\t\t\t\t<\/div>\n\t\t\t\t<\/div>\n\t\t\t\t<div class=\"elementor-element elementor-element-3dbc648 elementor-widget elementor-widget-text-editor\" data-id=\"3dbc648\" data-element_type=\"widget\" data-e-type=\"widget\" data-widget_type=\"text-editor.default\">\n\t\t\t\t<div class=\"elementor-widget-container\">\n\t\t\t\t\t\t\t\t\t<p>One prerequisite for robust cash management is a disciplined cash flow forecast.<br \/>\nThis includes: <\/p>\n<ul>\n<li>  Daily monitoring of cash holdings<\/li>\n<li>The implementation of a strict cash flow forecasting process lasting several weeks in conjunction with adequate tools<\/li>\n<li>The optimization of internal cash transactions<\/li>\n<li>The implementation of a cash-centered culture in the company, moving away from P&amp;L metrics<\/li>\n<\/ul>\n<p>The following are a few levers for concrete application in times of Covid-19, but taking into account the holistic approach to working capital management described at the beginning.<br \/>\nThe aim here is to take pressure off working capital and counter liquidity bottlenecks by freeing up cash. <\/p>\n\t\t\t\t\t\t\t\t<\/div>\n\t\t\t\t<\/div>\n\t\t\t\t<div class=\"elementor-element elementor-element-25e273c elementor-widget elementor-widget-text-editor\" data-id=\"25e273c\" data-element_type=\"widget\" data-e-type=\"widget\" data-widget_type=\"text-editor.default\">\n\t\t\t\t<div class=\"elementor-widget-container\">\n\t\t\t\t\t\t\t\t\t<p><span style=\"color: #007e96;\"><strong>1. claims<\/strong><\/span><\/p>\n<ul>\n<li>Invoices should be obtained as soon as possible<\/li>\n<li>Consideration should be given to granting cash discounts under the conditions of shortened payment terms with more favorable conditions for the customer<\/li>\n<li>Payment terms with customers should be re-examined and deadlines reduced to the absolute minimum from a sales strategy perspective<\/li>\n<li>Cash collection from customers with high outstanding receivables should be monitored on a prioritized basis<\/li>\n<li>Proactive contact with customers to minimize the risk of disputes and late payments<\/li>\n<li>Constant monitoring of existing disputes with customers and addressing the origin of the disputes<\/li>\n<li>Installation of EDI processes for automated invoicing and dispatch processes as well as for dunning processes<\/li>\n<\/ul>\n\t\t\t\t\t\t\t\t<\/div>\n\t\t\t\t<\/div>\n\t\t\t\t<div class=\"elementor-element elementor-element-1ce0532 elementor-widget elementor-widget-text-editor\" data-id=\"1ce0532\" data-element_type=\"widget\" data-e-type=\"widget\" data-widget_type=\"text-editor.default\">\n\t\t\t\t<div class=\"elementor-widget-container\">\n\t\t\t\t\t\t\t\t\t<p class=\"p1\"><span style=\"color: #007e96;\"><strong>2. inventories<\/strong><\/span><\/p>\n<ul>\n<li class=\"p1\">Minimizing order quantities and batch sizes and increasing order and production frequency<\/li>\n<li class=\"p1\">Re-evaluation of minimum stock levels and associated parameters<\/li>\n<li class=\"p1\">Evaluation of opportunities through consignment stock<\/li>\n<li class=\"p1\">Examination of restrictions in the production process to avoid bottleneck effects and reduce WIP<\/li>\n<li class=\"p1\">Installation of fully integrated merchandise management systems<\/li>\n<li class=\"p1\">Examining opportunities through the outsourcing of pre-production<\/li>\n<li class=\"p1\">Getting rid of &#8220;slow sellers&#8221; and obsolete stock through discount campaigns  <\/li>\n<\/ul>\n\t\t\t\t\t\t\t\t<\/div>\n\t\t\t\t<\/div>\n\t\t\t\t<div class=\"elementor-element elementor-element-2da39cc elementor-widget elementor-widget-text-editor\" data-id=\"2da39cc\" data-element_type=\"widget\" data-e-type=\"widget\" data-widget_type=\"text-editor.default\">\n\t\t\t\t<div class=\"elementor-widget-container\">\n\t\t\t\t\t\t\t\t\t<p class=\"p1\"><span style=\"color: #037e96;\"><strong>3. liabilities<\/strong><\/span><\/p>\n<ul>\n<li class=\"p1\">Review of existing supplier contracts and their payment terms<\/li>\n<li class=\"p1\">Re-evaluation of the supplier portfolio<\/li>\n<li class=\"p1\">Implementation of guidelines to avoid early payments<\/li>\n<li class=\"p1\">Prioritization of payments to business-critical suppliers<\/li>\n<li class=\"p1\">Individualized contracts with key suppliers<\/li>\n<\/ul>\n\t\t\t\t\t\t\t\t<\/div>\n\t\t\t\t<\/div>\n\t\t\t\t\t<\/div>\n\t\t<\/div>\n\t\t\t\t\t<\/div>\n\t\t<\/section>\n\t\t\t\t<section class=\"elementor-section elementor-inner-section elementor-element elementor-element-9965f99 elementor-section-boxed elementor-section-height-default elementor-section-height-default\" data-id=\"9965f99\" data-element_type=\"section\" data-e-type=\"section\" data-settings=\"{&quot;background_background&quot;:&quot;classic&quot;}\">\n\t\t\t\t\t\t<div class=\"elementor-container elementor-column-gap-default\">\n\t\t\t\t\t<div class=\"elementor-column elementor-col-100 elementor-inner-column elementor-element elementor-element-dfbca8b\" data-id=\"dfbca8b\" data-element_type=\"column\" data-e-type=\"column\" data-settings=\"{&quot;background_background&quot;:&quot;classic&quot;}\">\n\t\t\t<div class=\"elementor-widget-wrap elementor-element-populated\">\n\t\t\t\t\t\t<div class=\"elementor-element elementor-element-69d5beb elementor-widget elementor-widget-text-editor\" data-id=\"69d5beb\" data-element_type=\"widget\" data-e-type=\"widget\" data-widget_type=\"text-editor.default\">\n\t\t\t\t<div class=\"elementor-widget-container\">\n\t\t\t\t\t\t\t\t\t<p><strong>Conclusion<\/strong><\/p>\n<p>In times of Covid-19, good working capital management requires more than ever a holistic view of cross-functional value creation processes in the company in order to effectively counteract working capital burdens and eliminate liquidity bottlenecks, especially in the short term. What is important here is a stringent and revolving planning and controlling process that ranges from conceptual orientation to strategic and operational control and is characterized by its cross-functional and integrated nature.<\/p>\n\t\t\t\t\t\t\t\t<\/div>\n\t\t\t\t<\/div>\n\t\t\t\t\t<\/div>\n\t\t<\/div>\n\t\t\t\t\t<\/div>\n\t\t<\/section>\n\t\t\t\t<div class=\"elementor-element elementor-element-1ab242f elementor-align-left elementor-widget elementor-widget-button\" data-id=\"1ab242f\" data-element_type=\"widget\" data-e-type=\"widget\" data-widget_type=\"button.default\">\n\t\t\t\t<div class=\"elementor-widget-container\">\n\t\t\t\t\t\t\t\t\t<div class=\"elementor-button-wrapper\">\n\t\t\t\t\t<a class=\"elementor-button elementor-button-link elementor-size-md\" href=\"https:\/\/www.stefan-gros.de\/wp-content\/uploads\/2021\/01\/Dr-Stefan-Gros-Ganzheitliches-Working-Capital-Management.pdf\" target=\"_blank\">\n\t\t\t\t\t\t<span class=\"elementor-button-content-wrapper\">\n\t\t\t\t\t\t<span class=\"elementor-button-icon\">\n\t\t\t\t<i aria-hidden=\"true\" class=\"fas fa-arrow-down\"><\/i>\t\t\t<\/span>\n\t\t\t\t\t\t\t\t\t<span class=\"elementor-button-text\">Article as PDF<\/span>\n\t\t\t\t\t<\/span>\n\t\t\t\t\t<\/a>\n\t\t\t\t<\/div>\n\t\t\t\t\t\t\t\t<\/div>\n\t\t\t\t<\/div>\n\t\t\t\t<div class=\"elementor-element elementor-element-cd383b6 elementor-widget elementor-widget-text-editor\" data-id=\"cd383b6\" data-element_type=\"widget\" data-e-type=\"widget\" data-widget_type=\"text-editor.default\">\n\t\t\t\t<div class=\"elementor-widget-container\">\n\t\t\t\t\t\t\t\t\t<p>Share post in the network:<\/p>\n\t\t\t\t\t\t\t\t<\/div>\n\t\t\t\t<\/div>\n\t\t\t\t<div class=\"elementor-element elementor-element-b89e666 elementor-share-buttons--view-icon elementor-share-buttons--skin-flat elementor-grid-4 elementor-share-buttons--color-custom elementor-share-buttons--shape-square elementor-widget elementor-widget-share-buttons\" data-id=\"b89e666\" data-element_type=\"widget\" data-e-type=\"widget\" data-widget_type=\"share-buttons.default\">\n\t\t\t\t<div class=\"elementor-widget-container\">\n\t\t\t\t\t\t\t<div class=\"elementor-grid\" role=\"list\">\n\t\t\t\t\t\t\t\t<div class=\"elementor-grid-item\" role=\"listitem\">\n\t\t\t\t\t\t<div class=\"elementor-share-btn elementor-share-btn_twitter\" role=\"button\" tabindex=\"0\" aria-label=\"Share on twitter\">\n\t\t\t\t\t\t\t\t\t\t\t\t\t\t\t<span class=\"elementor-share-btn__icon\">\n\t\t\t\t\t\t\t\t<i class=\"fab fa-twitter\" aria-hidden=\"true\"><\/i>\t\t\t\t\t\t\t<\/span>\n\t\t\t\t\t\t\t\t\t\t\t\t\t\t\t\t\t\t\t\t<\/div>\n\t\t\t\t\t<\/div>\n\t\t\t\t\t\t\t\t\t<div class=\"elementor-grid-item\" role=\"listitem\">\n\t\t\t\t\t\t<div class=\"elementor-share-btn elementor-share-btn_linkedin\" role=\"button\" tabindex=\"0\" aria-label=\"Share on linkedin\">\n\t\t\t\t\t\t\t\t\t\t\t\t\t\t\t<span class=\"elementor-share-btn__icon\">\n\t\t\t\t\t\t\t\t<i class=\"fab fa-linkedin\" aria-hidden=\"true\"><\/i>\t\t\t\t\t\t\t<\/span>\n\t\t\t\t\t\t\t\t\t\t\t\t\t\t\t\t\t\t\t\t<\/div>\n\t\t\t\t\t<\/div>\n\t\t\t\t\t\t\t\t\t<div class=\"elementor-grid-item\" role=\"listitem\">\n\t\t\t\t\t\t<div class=\"elementor-share-btn elementor-share-btn_xing\" role=\"button\" tabindex=\"0\" aria-label=\"Share on xing\">\n\t\t\t\t\t\t\t\t\t\t\t\t\t\t\t<span class=\"elementor-share-btn__icon\">\n\t\t\t\t\t\t\t\t<i class=\"fab fa-xing\" aria-hidden=\"true\"><\/i>\t\t\t\t\t\t\t<\/span>\n\t\t\t\t\t\t\t\t\t\t\t\t\t\t\t\t\t\t\t\t<\/div>\n\t\t\t\t\t<\/div>\n\t\t\t\t\t\t\t\t\t<div class=\"elementor-grid-item\" role=\"listitem\">\n\t\t\t\t\t\t<div class=\"elementor-share-btn elementor-share-btn_email\" role=\"button\" tabindex=\"0\" aria-label=\"Share on email\">\n\t\t\t\t\t\t\t\t\t\t\t\t\t\t\t<span class=\"elementor-share-btn__icon\">\n\t\t\t\t\t\t\t\t<i class=\"fas fa-envelope\" aria-hidden=\"true\"><\/i>\t\t\t\t\t\t\t<\/span>\n\t\t\t\t\t\t\t\t\t\t\t\t\t\t\t\t\t\t\t\t<\/div>\n\t\t\t\t\t<\/div>\n\t\t\t\t\t\t<\/div>\n\t\t\t\t\t\t<\/div>\n\t\t\t\t<\/div>\n\t\t\t\t\t<\/div>\n\t\t<\/div>\n\t\t\t\t\t<\/div>\n\t\t<\/section>\n\t\t\t\t<section class=\"elementor-section elementor-top-section elementor-element elementor-element-e145189 elementor-section-boxed elementor-section-height-default elementor-section-height-default\" data-id=\"e145189\" data-element_type=\"section\" data-e-type=\"section\">\n\t\t\t\t\t\t<div class=\"elementor-container elementor-column-gap-default\">\n\t\t\t\t\t<div class=\"elementor-column elementor-col-100 elementor-top-column elementor-element elementor-element-44eadcd\" data-id=\"44eadcd\" data-element_type=\"column\" data-e-type=\"column\" data-settings=\"{&quot;background_background&quot;:&quot;classic&quot;}\">\n\t\t\t<div class=\"elementor-widget-wrap elementor-element-populated\">\n\t\t\t\t\t\t<div class=\"elementor-element elementor-element-1707add elementor-author-box--layout-image-above elementor-author-box--avatar-yes elementor-author-box--name-yes elementor-author-box--biography-yes elementor-author-box--link-no elementor-widget elementor-widget-author-box\" data-id=\"1707add\" data-element_type=\"widget\" data-e-type=\"widget\" data-widget_type=\"author-box.default\">\n\t\t\t\t<div class=\"elementor-widget-container\">\n\t\t\t\t\t\t\t<div class=\"elementor-author-box\">\n\t\t\t\t\t\t\t<div  class=\"elementor-author-box__avatar\">\n\t\t\t\t\t<img decoding=\"async\" src=\"https:\/\/www.stefan-gros.de\/wp-content\/uploads\/2020\/12\/cropped-Dr-Stefan-Gros-CFO-Interim-Manager-portrait-author.jpg\" alt=\"Picture of Dr. Stefan Gros | CFO\" loading=\"lazy\">\n\t\t\t\t<\/div>\n\t\t\t\n\t\t\t<div class=\"elementor-author-box__text\">\n\t\t\t\t\t\t\t\t\t<div >\n\t\t\t\t\t\t<h4 class=\"elementor-author-box__name\">\n\t\t\t\t\t\t\tDr. Stefan Gros | CFO\t\t\t\t\t\t<\/h4>\n\t\t\t\t\t<\/div>\n\t\t\t\t\n\t\t\t\t\t\t\t\t\t<div class=\"elementor-author-box__bio\">\n\t\t\t\t\t\tDr. Stefan Gros ist Chief Financial Officer und Transformation Officer ad interim. Mit seiner mehr als 25-j\u00e4hrigen Berufs- und F\u00fchrungserfahrung z\u00e4hlt er zu den Top-Executives in Deutschland f\u00fcr Unternehmen mit spezifischen Herausforderungen und komplexen Situationen.\t\t\t\t\t<\/div>\n\t\t\t\t\n\t\t\t\t\t\t\t<\/div>\n\t\t<\/div>\n\t\t\t\t\t\t<\/div>\n\t\t\t\t<\/div>\n\t\t\t\t\t<\/div>\n\t\t<\/div>\n\t\t\t\t\t<\/div>\n\t\t<\/section>\n\t\t\t\t<\/div>\n\t\t","protected":false},"excerpt":{"rendered":"<p>The current period presents companies with largely unprecedented challenges. Political measures to contain the spread of Covid-19 have resulted in serious operational disruptions that have affected almost all sectors and continue to this day in some areas. Many companies are facing quarantines for their workforce, disruptions in the value chain, inventory shortages and a sudden [&hellip;]<\/p>\n","protected":false},"author":3,"featured_media":2313,"comment_status":"closed","ping_status":"open","sticky":false,"template":"","format":"standard","meta":{"site-sidebar-layout":"default","site-content-layout":"default","ast-site-content-layout":"default","site-content-style":"default","site-sidebar-style":"default","ast-global-header-display":"","ast-banner-title-visibility":"","ast-main-header-display":"","ast-hfb-above-header-display":"","ast-hfb-below-header-display":"","ast-hfb-mobile-header-display":"","site-post-title":"disabled","ast-breadcrumbs-content":"","ast-featured-img":"disabled","footer-sml-layout":"","ast-disable-related-posts":"","theme-transparent-header-meta":"disabled","adv-header-id-meta":"","stick-header-meta":"default","header-above-stick-meta":"","header-main-stick-meta":"","header-below-stick-meta":"","astra-migrate-meta-layouts":"default","ast-page-background-enabled":"default","ast-page-background-meta":{"desktop":{"background-color":"","background-image":"","background-repeat":"repeat","background-position":"center center","background-size":"auto","background-attachment":"scroll","background-type":"","background-media":"","overlay-type":"","overlay-color":"","overlay-opacity":"","overlay-gradient":""},"tablet":{"background-color":"","background-image":"","background-repeat":"repeat","background-position":"center center","background-size":"auto","background-attachment":"scroll","background-type":"","background-media":"","overlay-type":"","overlay-color":"","overlay-opacity":"","overlay-gradient":""},"mobile":{"background-color":"","background-image":"","background-repeat":"repeat","background-position":"center center","background-size":"auto","background-attachment":"scroll","background-type":"","background-media":"","overlay-type":"","overlay-color":"","overlay-opacity":"","overlay-gradient":""}},"ast-content-background-meta":{"desktop":{"background-color":"var(--ast-global-color-5)","background-image":"","background-repeat":"repeat","background-position":"center center","background-size":"auto","background-attachment":"scroll","background-type":"","background-media":"","overlay-type":"","overlay-color":"","overlay-opacity":"","overlay-gradient":""},"tablet":{"background-color":"var(--ast-global-color-5)","background-image":"","background-repeat":"repeat","background-position":"center center","background-size":"auto","background-attachment":"scroll","background-type":"","background-media":"","overlay-type":"","overlay-color":"","overlay-opacity":"","overlay-gradient":""},"mobile":{"background-color":"var(--ast-global-color-5)","background-image":"","background-repeat":"repeat","background-position":"center center","background-size":"auto","background-attachment":"scroll","background-type":"","background-media":"","overlay-type":"","overlay-color":"","overlay-opacity":"","overlay-gradient":""}},"footnotes":""},"categories":[1],"tags":[],"class_list":["post-2424","post","type-post","status-publish","format-standard","has-post-thumbnail","hentry","category-unkategorisiert"],"yoast_head":"<!-- This site is optimized with the Yoast SEO plugin v27.4 - https:\/\/yoast.com\/product\/yoast-seo-wordpress\/ -->\n<title>Holistic working capital management in times of crisis | Dr. Stefan Gros<\/title>\n<meta name=\"description\" content=\"Covid-19 presents companies with unprecedented challenges. Measures to contain the spread of the pandemic resulted in serious operational disruptions that affected almost all sectors and continue to this day in some areas. Many companies are faced with disruptions in the value chain, inventory shortages and a sudden collapse in demand.\" \/>\n<meta name=\"robots\" content=\"index, follow, max-snippet:-1, max-image-preview:large, max-video-preview:-1\" \/>\n<link rel=\"canonical\" href=\"https:\/\/www.stefan-gros.de\/en\/holistic-working-capital-management-in-times-of-crisis\/\" \/>\n<meta property=\"og:locale\" content=\"en_US\" \/>\n<meta property=\"og:type\" content=\"article\" \/>\n<meta property=\"og:title\" content=\"Holistic working capital management in times of crisis | Dr. Stefan Gros\" \/>\n<meta property=\"og:description\" content=\"Covid-19 presents companies with unprecedented challenges. Measures to contain the spread of the pandemic resulted in serious operational disruptions that affected almost all sectors and continue to this day in some areas. Many companies are faced with disruptions in the value chain, inventory shortages and a sudden collapse in demand.\" \/>\n<meta property=\"og:url\" content=\"https:\/\/www.stefan-gros.de\/en\/holistic-working-capital-management-in-times-of-crisis\/\" \/>\n<meta property=\"og:site_name\" content=\"Dr. Stefan Gros\" \/>\n<meta property=\"article:published_time\" content=\"2022-01-24T07:11:08+00:00\" \/>\n<meta property=\"article:modified_time\" content=\"2024-07-25T18:11:52+00:00\" \/>\n<meta property=\"og:image\" content=\"https:\/\/www.stefan-gros.de\/wp-content\/uploads\/2016\/01\/Dr-Stefan-Gros-CFO-Interim-Manager-beitrag-ganzheitliches-working-capital-management-in-zeiten-von-corona.jpg\" \/>\n\t<meta property=\"og:image:width\" content=\"1000\" \/>\n\t<meta property=\"og:image:height\" content=\"680\" \/>\n\t<meta property=\"og:image:type\" content=\"image\/jpeg\" \/>\n<meta name=\"author\" content=\"Dr. Stefan Gros | CFO\" \/>\n<meta name=\"twitter:card\" content=\"summary_large_image\" \/>\n<meta name=\"twitter:label1\" content=\"Written by\" \/>\n\t<meta name=\"twitter:data1\" content=\"Dr. Stefan Gros | CFO\" \/>\n\t<meta name=\"twitter:label2\" content=\"Est. reading time\" \/>\n\t<meta name=\"twitter:data2\" content=\"5 minutes\" \/>\n<script type=\"application\/ld+json\" class=\"yoast-schema-graph\">{\"@context\":\"https:\\\/\\\/schema.org\",\"@graph\":[{\"@type\":\"Article\",\"@id\":\"https:\\\/\\\/www.stefan-gros.de\\\/en\\\/holistic-working-capital-management-in-times-of-crisis\\\/#article\",\"isPartOf\":{\"@id\":\"https:\\\/\\\/www.stefan-gros.de\\\/en\\\/holistic-working-capital-management-in-times-of-crisis\\\/\"},\"author\":{\"name\":\"Dr. Stefan Gros | CFO\",\"@id\":\"https:\\\/\\\/www.stefan-gros.de\\\/en\\\/#\\\/schema\\\/person\\\/3e56e01f6f2443cb5b42fb41bdc31b78\"},\"headline\":\"Holistic working capital management in times of crisis\",\"datePublished\":\"2022-01-24T07:11:08+00:00\",\"dateModified\":\"2024-07-25T18:11:52+00:00\",\"mainEntityOfPage\":{\"@id\":\"https:\\\/\\\/www.stefan-gros.de\\\/en\\\/holistic-working-capital-management-in-times-of-crisis\\\/\"},\"wordCount\":924,\"publisher\":{\"@id\":\"https:\\\/\\\/www.stefan-gros.de\\\/en\\\/#\\\/schema\\\/person\\\/3e56e01f6f2443cb5b42fb41bdc31b78\"},\"image\":{\"@id\":\"https:\\\/\\\/www.stefan-gros.de\\\/en\\\/holistic-working-capital-management-in-times-of-crisis\\\/#primaryimage\"},\"thumbnailUrl\":\"https:\\\/\\\/www.stefan-gros.de\\\/wp-content\\\/uploads\\\/2016\\\/01\\\/Dr-Stefan-Gros-CFO-Interim-Manager-beitrag-ganzheitliches-working-capital-management-in-zeiten-von-corona.jpg\",\"articleSection\":[\"Unkategorisiert\"],\"inLanguage\":\"en-US\"},{\"@type\":\"WebPage\",\"@id\":\"https:\\\/\\\/www.stefan-gros.de\\\/en\\\/holistic-working-capital-management-in-times-of-crisis\\\/\",\"url\":\"https:\\\/\\\/www.stefan-gros.de\\\/en\\\/holistic-working-capital-management-in-times-of-crisis\\\/\",\"name\":\"Holistic working capital management in times of crisis | Dr. Stefan Gros\",\"isPartOf\":{\"@id\":\"https:\\\/\\\/www.stefan-gros.de\\\/en\\\/#website\"},\"primaryImageOfPage\":{\"@id\":\"https:\\\/\\\/www.stefan-gros.de\\\/en\\\/holistic-working-capital-management-in-times-of-crisis\\\/#primaryimage\"},\"image\":{\"@id\":\"https:\\\/\\\/www.stefan-gros.de\\\/en\\\/holistic-working-capital-management-in-times-of-crisis\\\/#primaryimage\"},\"thumbnailUrl\":\"https:\\\/\\\/www.stefan-gros.de\\\/wp-content\\\/uploads\\\/2016\\\/01\\\/Dr-Stefan-Gros-CFO-Interim-Manager-beitrag-ganzheitliches-working-capital-management-in-zeiten-von-corona.jpg\",\"datePublished\":\"2022-01-24T07:11:08+00:00\",\"dateModified\":\"2024-07-25T18:11:52+00:00\",\"description\":\"Covid-19 presents companies with unprecedented challenges. Measures to contain the spread of the pandemic resulted in serious operational disruptions that affected almost all sectors and continue to this day in some areas. Many companies are faced with disruptions in the value chain, inventory shortages and a sudden collapse in demand.\",\"breadcrumb\":{\"@id\":\"https:\\\/\\\/www.stefan-gros.de\\\/en\\\/holistic-working-capital-management-in-times-of-crisis\\\/#breadcrumb\"},\"inLanguage\":\"en-US\",\"potentialAction\":[{\"@type\":\"ReadAction\",\"target\":[\"https:\\\/\\\/www.stefan-gros.de\\\/en\\\/holistic-working-capital-management-in-times-of-crisis\\\/\"]}]},{\"@type\":\"ImageObject\",\"inLanguage\":\"en-US\",\"@id\":\"https:\\\/\\\/www.stefan-gros.de\\\/en\\\/holistic-working-capital-management-in-times-of-crisis\\\/#primaryimage\",\"url\":\"https:\\\/\\\/www.stefan-gros.de\\\/wp-content\\\/uploads\\\/2016\\\/01\\\/Dr-Stefan-Gros-CFO-Interim-Manager-beitrag-ganzheitliches-working-capital-management-in-zeiten-von-corona.jpg\",\"contentUrl\":\"https:\\\/\\\/www.stefan-gros.de\\\/wp-content\\\/uploads\\\/2016\\\/01\\\/Dr-Stefan-Gros-CFO-Interim-Manager-beitrag-ganzheitliches-working-capital-management-in-zeiten-von-corona.jpg\",\"width\":1000,\"height\":680},{\"@type\":\"BreadcrumbList\",\"@id\":\"https:\\\/\\\/www.stefan-gros.de\\\/en\\\/holistic-working-capital-management-in-times-of-crisis\\\/#breadcrumb\",\"itemListElement\":[{\"@type\":\"ListItem\",\"position\":1,\"name\":\"Startseite\",\"item\":\"https:\\\/\\\/www.stefan-gros.de\\\/en\\\/\"},{\"@type\":\"ListItem\",\"position\":2,\"name\":\"Holistic working capital management in times of crisis\"}]},{\"@type\":\"WebSite\",\"@id\":\"https:\\\/\\\/www.stefan-gros.de\\\/en\\\/#website\",\"url\":\"https:\\\/\\\/www.stefan-gros.de\\\/en\\\/\",\"name\":\"Dr. Stefan Gros\",\"description\":\"Chief Financial Officer\",\"publisher\":{\"@id\":\"https:\\\/\\\/www.stefan-gros.de\\\/en\\\/#\\\/schema\\\/person\\\/3e56e01f6f2443cb5b42fb41bdc31b78\"},\"potentialAction\":[{\"@type\":\"SearchAction\",\"target\":{\"@type\":\"EntryPoint\",\"urlTemplate\":\"https:\\\/\\\/www.stefan-gros.de\\\/en\\\/?s={search_term_string}\"},\"query-input\":{\"@type\":\"PropertyValueSpecification\",\"valueRequired\":true,\"valueName\":\"search_term_string\"}}],\"inLanguage\":\"en-US\"},{\"@type\":[\"Person\",\"Organization\"],\"@id\":\"https:\\\/\\\/www.stefan-gros.de\\\/en\\\/#\\\/schema\\\/person\\\/3e56e01f6f2443cb5b42fb41bdc31b78\",\"name\":\"Dr. Stefan Gros | CFO\",\"image\":{\"@type\":\"ImageObject\",\"inLanguage\":\"en-US\",\"@id\":\"https:\\\/\\\/www.stefan-gros.de\\\/wp-content\\\/uploads\\\/2020\\\/12\\\/Dr-Stefan-Gros-CFO-Interim-Manager-bg-contact-02.jpg\",\"url\":\"https:\\\/\\\/www.stefan-gros.de\\\/wp-content\\\/uploads\\\/2020\\\/12\\\/Dr-Stefan-Gros-CFO-Interim-Manager-bg-contact-02.jpg\",\"contentUrl\":\"https:\\\/\\\/www.stefan-gros.de\\\/wp-content\\\/uploads\\\/2020\\\/12\\\/Dr-Stefan-Gros-CFO-Interim-Manager-bg-contact-02.jpg\",\"width\":1280,\"height\":774,\"caption\":\"Dr. Stefan Gros | CFO\"},\"logo\":{\"@id\":\"https:\\\/\\\/www.stefan-gros.de\\\/wp-content\\\/uploads\\\/2020\\\/12\\\/Dr-Stefan-Gros-CFO-Interim-Manager-bg-contact-02.jpg\"},\"description\":\"Dr. Stefan Gros ist Chief Financial Officer und Transformation Officer ad interim. Mit seiner mehr als 25-j\u00e4hrigen Berufs- und F\u00fchrungserfahrung z\u00e4hlt er zu den Top-Executives in Deutschland f\u00fcr Unternehmen mit spezifischen Herausforderungen und komplexen Situationen.\",\"url\":\"https:\\\/\\\/www.stefan-gros.de\\\/en\\\/author\\\/drstefangros\\\/\"}]}<\/script>\n<!-- \/ Yoast SEO plugin. -->","yoast_head_json":{"title":"Holistic working capital management in times of crisis | Dr. Stefan Gros","description":"Covid-19 presents companies with unprecedented challenges. Measures to contain the spread of the pandemic resulted in serious operational disruptions that affected almost all sectors and continue to this day in some areas. Many companies are faced with disruptions in the value chain, inventory shortages and a sudden collapse in demand.","robots":{"index":"index","follow":"follow","max-snippet":"max-snippet:-1","max-image-preview":"max-image-preview:large","max-video-preview":"max-video-preview:-1"},"canonical":"https:\/\/www.stefan-gros.de\/en\/holistic-working-capital-management-in-times-of-crisis\/","og_locale":"en_US","og_type":"article","og_title":"Holistic working capital management in times of crisis | Dr. Stefan Gros","og_description":"Covid-19 presents companies with unprecedented challenges. Measures to contain the spread of the pandemic resulted in serious operational disruptions that affected almost all sectors and continue to this day in some areas. Many companies are faced with disruptions in the value chain, inventory shortages and a sudden collapse in demand.","og_url":"https:\/\/www.stefan-gros.de\/en\/holistic-working-capital-management-in-times-of-crisis\/","og_site_name":"Dr. Stefan Gros","article_published_time":"2022-01-24T07:11:08+00:00","article_modified_time":"2024-07-25T18:11:52+00:00","og_image":[{"width":1000,"height":680,"url":"https:\/\/www.stefan-gros.de\/wp-content\/uploads\/2016\/01\/Dr-Stefan-Gros-CFO-Interim-Manager-beitrag-ganzheitliches-working-capital-management-in-zeiten-von-corona.jpg","type":"image\/jpeg"}],"author":"Dr. Stefan Gros | CFO","twitter_card":"summary_large_image","twitter_misc":{"Written by":"Dr. Stefan Gros | CFO","Est. reading time":"5 minutes"},"schema":{"@context":"https:\/\/schema.org","@graph":[{"@type":"Article","@id":"https:\/\/www.stefan-gros.de\/en\/holistic-working-capital-management-in-times-of-crisis\/#article","isPartOf":{"@id":"https:\/\/www.stefan-gros.de\/en\/holistic-working-capital-management-in-times-of-crisis\/"},"author":{"name":"Dr. Stefan Gros | CFO","@id":"https:\/\/www.stefan-gros.de\/en\/#\/schema\/person\/3e56e01f6f2443cb5b42fb41bdc31b78"},"headline":"Holistic working capital management in times of crisis","datePublished":"2022-01-24T07:11:08+00:00","dateModified":"2024-07-25T18:11:52+00:00","mainEntityOfPage":{"@id":"https:\/\/www.stefan-gros.de\/en\/holistic-working-capital-management-in-times-of-crisis\/"},"wordCount":924,"publisher":{"@id":"https:\/\/www.stefan-gros.de\/en\/#\/schema\/person\/3e56e01f6f2443cb5b42fb41bdc31b78"},"image":{"@id":"https:\/\/www.stefan-gros.de\/en\/holistic-working-capital-management-in-times-of-crisis\/#primaryimage"},"thumbnailUrl":"https:\/\/www.stefan-gros.de\/wp-content\/uploads\/2016\/01\/Dr-Stefan-Gros-CFO-Interim-Manager-beitrag-ganzheitliches-working-capital-management-in-zeiten-von-corona.jpg","articleSection":["Unkategorisiert"],"inLanguage":"en-US"},{"@type":"WebPage","@id":"https:\/\/www.stefan-gros.de\/en\/holistic-working-capital-management-in-times-of-crisis\/","url":"https:\/\/www.stefan-gros.de\/en\/holistic-working-capital-management-in-times-of-crisis\/","name":"Holistic working capital management in times of crisis | Dr. Stefan Gros","isPartOf":{"@id":"https:\/\/www.stefan-gros.de\/en\/#website"},"primaryImageOfPage":{"@id":"https:\/\/www.stefan-gros.de\/en\/holistic-working-capital-management-in-times-of-crisis\/#primaryimage"},"image":{"@id":"https:\/\/www.stefan-gros.de\/en\/holistic-working-capital-management-in-times-of-crisis\/#primaryimage"},"thumbnailUrl":"https:\/\/www.stefan-gros.de\/wp-content\/uploads\/2016\/01\/Dr-Stefan-Gros-CFO-Interim-Manager-beitrag-ganzheitliches-working-capital-management-in-zeiten-von-corona.jpg","datePublished":"2022-01-24T07:11:08+00:00","dateModified":"2024-07-25T18:11:52+00:00","description":"Covid-19 presents companies with unprecedented challenges. Measures to contain the spread of the pandemic resulted in serious operational disruptions that affected almost all sectors and continue to this day in some areas. Many companies are faced with disruptions in the value chain, inventory shortages and a sudden collapse in demand.","breadcrumb":{"@id":"https:\/\/www.stefan-gros.de\/en\/holistic-working-capital-management-in-times-of-crisis\/#breadcrumb"},"inLanguage":"en-US","potentialAction":[{"@type":"ReadAction","target":["https:\/\/www.stefan-gros.de\/en\/holistic-working-capital-management-in-times-of-crisis\/"]}]},{"@type":"ImageObject","inLanguage":"en-US","@id":"https:\/\/www.stefan-gros.de\/en\/holistic-working-capital-management-in-times-of-crisis\/#primaryimage","url":"https:\/\/www.stefan-gros.de\/wp-content\/uploads\/2016\/01\/Dr-Stefan-Gros-CFO-Interim-Manager-beitrag-ganzheitliches-working-capital-management-in-zeiten-von-corona.jpg","contentUrl":"https:\/\/www.stefan-gros.de\/wp-content\/uploads\/2016\/01\/Dr-Stefan-Gros-CFO-Interim-Manager-beitrag-ganzheitliches-working-capital-management-in-zeiten-von-corona.jpg","width":1000,"height":680},{"@type":"BreadcrumbList","@id":"https:\/\/www.stefan-gros.de\/en\/holistic-working-capital-management-in-times-of-crisis\/#breadcrumb","itemListElement":[{"@type":"ListItem","position":1,"name":"Startseite","item":"https:\/\/www.stefan-gros.de\/en\/"},{"@type":"ListItem","position":2,"name":"Holistic working capital management in times of crisis"}]},{"@type":"WebSite","@id":"https:\/\/www.stefan-gros.de\/en\/#website","url":"https:\/\/www.stefan-gros.de\/en\/","name":"Dr. Stefan Gros","description":"Chief Financial Officer","publisher":{"@id":"https:\/\/www.stefan-gros.de\/en\/#\/schema\/person\/3e56e01f6f2443cb5b42fb41bdc31b78"},"potentialAction":[{"@type":"SearchAction","target":{"@type":"EntryPoint","urlTemplate":"https:\/\/www.stefan-gros.de\/en\/?s={search_term_string}"},"query-input":{"@type":"PropertyValueSpecification","valueRequired":true,"valueName":"search_term_string"}}],"inLanguage":"en-US"},{"@type":["Person","Organization"],"@id":"https:\/\/www.stefan-gros.de\/en\/#\/schema\/person\/3e56e01f6f2443cb5b42fb41bdc31b78","name":"Dr. Stefan Gros | CFO","image":{"@type":"ImageObject","inLanguage":"en-US","@id":"https:\/\/www.stefan-gros.de\/wp-content\/uploads\/2020\/12\/Dr-Stefan-Gros-CFO-Interim-Manager-bg-contact-02.jpg","url":"https:\/\/www.stefan-gros.de\/wp-content\/uploads\/2020\/12\/Dr-Stefan-Gros-CFO-Interim-Manager-bg-contact-02.jpg","contentUrl":"https:\/\/www.stefan-gros.de\/wp-content\/uploads\/2020\/12\/Dr-Stefan-Gros-CFO-Interim-Manager-bg-contact-02.jpg","width":1280,"height":774,"caption":"Dr. Stefan Gros | CFO"},"logo":{"@id":"https:\/\/www.stefan-gros.de\/wp-content\/uploads\/2020\/12\/Dr-Stefan-Gros-CFO-Interim-Manager-bg-contact-02.jpg"},"description":"Dr. Stefan Gros ist Chief Financial Officer und Transformation Officer ad interim. Mit seiner mehr als 25-j\u00e4hrigen Berufs- und F\u00fchrungserfahrung z\u00e4hlt er zu den Top-Executives in Deutschland f\u00fcr Unternehmen mit spezifischen Herausforderungen und komplexen Situationen.","url":"https:\/\/www.stefan-gros.de\/en\/author\/drstefangros\/"}]}},"_links":{"self":[{"href":"https:\/\/www.stefan-gros.de\/en\/wp-json\/wp\/v2\/posts\/2424","targetHints":{"allow":["GET"]}}],"collection":[{"href":"https:\/\/www.stefan-gros.de\/en\/wp-json\/wp\/v2\/posts"}],"about":[{"href":"https:\/\/www.stefan-gros.de\/en\/wp-json\/wp\/v2\/types\/post"}],"author":[{"embeddable":true,"href":"https:\/\/www.stefan-gros.de\/en\/wp-json\/wp\/v2\/users\/3"}],"replies":[{"embeddable":true,"href":"https:\/\/www.stefan-gros.de\/en\/wp-json\/wp\/v2\/comments?post=2424"}],"version-history":[{"count":0,"href":"https:\/\/www.stefan-gros.de\/en\/wp-json\/wp\/v2\/posts\/2424\/revisions"}],"wp:featuredmedia":[{"embeddable":true,"href":"https:\/\/www.stefan-gros.de\/en\/wp-json\/wp\/v2\/media\/2313"}],"wp:attachment":[{"href":"https:\/\/www.stefan-gros.de\/en\/wp-json\/wp\/v2\/media?parent=2424"}],"wp:term":[{"taxonomy":"category","embeddable":true,"href":"https:\/\/www.stefan-gros.de\/en\/wp-json\/wp\/v2\/categories?post=2424"},{"taxonomy":"post_tag","embeddable":true,"href":"https:\/\/www.stefan-gros.de\/en\/wp-json\/wp\/v2\/tags?post=2424"}],"curies":[{"name":"wp","href":"https:\/\/api.w.org\/{rel}","templated":true}]}}