{"id":2493,"date":"2020-09-15T20:21:20","date_gmt":"2020-09-15T18:21:20","guid":{"rendered":"https:\/\/www.stefan-gros.de\/growth-transformation-back-to-long-term-thinking-short-term-problems-must-not-overshadow-long-term-trends\/"},"modified":"2024-07-25T20:20:55","modified_gmt":"2024-07-25T18:20:55","slug":"growth-transformation-back-to-long-term-thinking-short-term-problems-must-not-overshadow-long-term-trends","status":"publish","type":"post","link":"https:\/\/www.stefan-gros.de\/en\/growth-transformation-back-to-long-term-thinking-short-term-problems-must-not-overshadow-long-term-trends\/","title":{"rendered":"Growth transformation: back to long-term thinking &#8211; short-term problems must not overshadow long-term trends"},"content":{"rendered":"\t\t<div data-elementor-type=\"wp-post\" data-elementor-id=\"2493\" class=\"elementor elementor-2493 elementor-1777\" data-elementor-post-type=\"post\">\n\t\t\t\t\t\t<section class=\"elementor-section elementor-top-section elementor-element elementor-element-49cb8322 elementor-section-boxed elementor-section-height-default elementor-section-height-default\" data-id=\"49cb8322\" data-element_type=\"section\" data-e-type=\"section\">\n\t\t\t\t\t\t<div class=\"elementor-container elementor-column-gap-default\">\n\t\t\t\t\t<div class=\"elementor-column elementor-col-100 elementor-top-column elementor-element elementor-element-3a5333d8\" data-id=\"3a5333d8\" data-element_type=\"column\" data-e-type=\"column\">\n\t\t\t<div class=\"elementor-widget-wrap elementor-element-populated\">\n\t\t\t\t\t\t<section class=\"elementor-section elementor-inner-section elementor-element elementor-element-7961df elementor-section-boxed elementor-section-height-default elementor-section-height-default\" data-id=\"7961df\" data-element_type=\"section\" data-e-type=\"section\">\n\t\t\t\t\t\t<div class=\"elementor-container elementor-column-gap-default\">\n\t\t\t\t\t<div class=\"elementor-column elementor-col-100 elementor-inner-column elementor-element elementor-element-2e0f3e71\" data-id=\"2e0f3e71\" data-element_type=\"column\" data-e-type=\"column\">\n\t\t\t<div class=\"elementor-widget-wrap elementor-element-populated\">\n\t\t\t\t\t\t<div class=\"elementor-element elementor-element-4b0981d4 elementor-widget elementor-widget-theme-post-title elementor-page-title elementor-widget-heading\" data-id=\"4b0981d4\" data-element_type=\"widget\" data-e-type=\"widget\" data-widget_type=\"theme-post-title.default\">\n\t\t\t\t<div class=\"elementor-widget-container\">\n\t\t\t\t\t<h1 class=\"elementor-heading-title elementor-size-default\">Growth transformation: back to long-term thinking &#8211; short-term problems must not overshadow long-term trends<\/h1>\t\t\t\t<\/div>\n\t\t\t\t<\/div>\n\t\t\t\t<div class=\"elementor-element elementor-element-b0e9cd2 elementor-widget elementor-widget-text-editor\" data-id=\"b0e9cd2\" data-element_type=\"widget\" data-e-type=\"widget\" data-widget_type=\"text-editor.default\">\n\t\t\t\t<div class=\"elementor-widget-container\">\n\t\t\t\t\t\t\t\t\t<p>by Dr. Stefan Gros and Matthias M\u00fcller, September 2021<\/p>\n\t\t\t\t\t\t\t\t<\/div>\n\t\t\t\t<\/div>\n\t\t\t\t\t<\/div>\n\t\t<\/div>\n\t\t\t\t\t<\/div>\n\t\t<\/section>\n\t\t\t\t<section class=\"elementor-section elementor-inner-section elementor-element elementor-element-403d80c4 elementor-section-boxed elementor-section-height-default elementor-section-height-default\" data-id=\"403d80c4\" data-element_type=\"section\" data-e-type=\"section\">\n\t\t\t\t\t\t<div class=\"elementor-container elementor-column-gap-default\">\n\t\t\t\t\t<div class=\"elementor-column elementor-col-100 elementor-inner-column elementor-element elementor-element-77582445\" data-id=\"77582445\" data-element_type=\"column\" data-e-type=\"column\">\n\t\t\t<div class=\"elementor-widget-wrap elementor-element-populated\">\n\t\t\t\t\t\t<div class=\"elementor-element elementor-element-7478ec8b elementor-widget elementor-widget-text-editor\" data-id=\"7478ec8b\" data-element_type=\"widget\" data-e-type=\"widget\" data-widget_type=\"text-editor.default\">\n\t\t\t\t<div class=\"elementor-widget-container\">\n\t\t\t\t\t\t\t\t\t<p><strong>A comprehensive consulting approach incl.<br \/>\nsystematic checklist tool for the sustainability, robustness and future viability of your company in the context of growth transformation <\/strong><\/p>\n\t\t\t\t\t\t\t\t<\/div>\n\t\t\t\t<\/div>\n\t\t\t\t<div class=\"elementor-element elementor-element-10d928f0 elementor-widget elementor-widget-text-editor\" data-id=\"10d928f0\" data-element_type=\"widget\" data-e-type=\"widget\" data-widget_type=\"text-editor.default\">\n\t\t\t\t<div class=\"elementor-widget-container\">\n\t\t\t\t\t\t\t\t\t<p><strong>Introduction<\/strong><br \/>The prospect of an end to the pandemic cannot alleviate the recent sharp rise in uncertainty in the face of ever-increasing volatility and short-termism on the markets.<br \/>\nEven though SMEs, and in particular the many family businesses, have demonstrated a high degree of flexibility thanks to their adaptability and personal proximity to customers\/suppliers, the equity and liquidity reserves of most companies have been significantly strained in some cases, although there are some companies that have emerged stronger from the crisis.<br \/>\nNevertheless, the increasing uncertainty about the influence of exogenous factors provides the main argument for the behavior of many top managers: &#8220;We&#8217;re playing it safe!&#8221;.<br \/>\nGiven the current situation, this is initially the most logical reaction.<br \/>\nHowever, management should always be aware of where it is steering the company and which different actions are also options in the long term in order to achieve the goal.<br \/>\nDespite the current economic situation, simply &#8220;driving by sight&#8221; is not enough and can quickly lead to a lack of direction, fear of the unknown, a lack of vision and falling behind the competition.     <\/p>\n<p>In our day-to-day work, we are increasingly faced with the challenge of volatile framework conditions, both in the short and long term.<br \/>\nThe trick is to align the transformation of the company with long-term trends and not to ignore them, despite the usually urgent short-term solutions to problems.<br \/>\nWorking with companies from a wide range of sectors helps us to anticipate developments across all industries and to align the measures to be taken in the short term as flexibly and with as much future potential as possible within the scope of the company&#8217;s capabilities.  <\/p>\n<p>Short-term distortions are currently being caused by fluctuating commodity prices and imbalances in international supply chains, among other things.<br \/>\nLong-term distortions can be seen in the shift of general market trends such as sustainability and digitalization into the future.<br \/>\nCompanies that are barely able to service their liabilities from their own resources due to short-term problems, or can only do so with liquidity assistance (bridging aid, KFW, etc.), are inhibited in their ability to invest in the future.<br \/>\nNevertheless, transforming the company and looking to the future is essential in order to survive not only in the short term, but also in the long term.<br \/>\nClearly defined strategic directions and priorities ensure the targeted and effective use of limited human and financial resources.    <\/p><\/p>\n\t\t\t\t\t\t\t\t<\/div>\n\t\t\t\t<\/div>\n\t\t\t\t<div class=\"elementor-element elementor-element-2d20fc0 elementor-widget elementor-widget-image\" data-id=\"2d20fc0\" data-element_type=\"widget\" data-e-type=\"widget\" data-widget_type=\"image.default\">\n\t\t\t\t<div class=\"elementor-widget-container\">\n\t\t\t\t\t\t\t\t\t\t\t\t\t\t\t<img fetchpriority=\"high\" decoding=\"async\" width=\"1024\" height=\"649\" src=\"https:\/\/www.stefan-gros.de\/wp-content\/uploads\/2021\/09\/Dr-Stefan-Gros-CFO-Interim-Manager-wachstumstransformation-01-1024x649.jpg\" class=\"attachment-large size-large wp-image-2387\" alt=\"\" srcset=\"https:\/\/www.stefan-gros.de\/wp-content\/uploads\/2021\/09\/Dr-Stefan-Gros-CFO-Interim-Manager-wachstumstransformation-01-1024x649.jpg 1024w, https:\/\/www.stefan-gros.de\/wp-content\/uploads\/2021\/09\/Dr-Stefan-Gros-CFO-Interim-Manager-wachstumstransformation-01-300x190.jpg 300w, https:\/\/www.stefan-gros.de\/wp-content\/uploads\/2021\/09\/Dr-Stefan-Gros-CFO-Interim-Manager-wachstumstransformation-01-768x486.jpg 768w, https:\/\/www.stefan-gros.de\/wp-content\/uploads\/2021\/09\/Dr-Stefan-Gros-CFO-Interim-Manager-wachstumstransformation-01.jpg 1200w\" sizes=\"(max-width: 1024px) 100vw, 1024px\" \/>\t\t\t\t\t\t\t\t\t\t\t\t\t\t\t<\/div>\n\t\t\t\t<\/div>\n\t\t\t\t\t<\/div>\n\t\t<\/div>\n\t\t\t\t\t<\/div>\n\t\t<\/section>\n\t\t\t\t<div class=\"elementor-element elementor-element-1f3c7372 elementor-widget elementor-widget-heading\" data-id=\"1f3c7372\" data-element_type=\"widget\" data-e-type=\"widget\" data-widget_type=\"heading.default\">\n\t\t\t\t<div class=\"elementor-widget-container\">\n\t\t\t\t\t<h3 class=\"elementor-heading-title elementor-size-default\">The target picture: short and long-term alignment of strategy, operations and financing<\/h3>\t\t\t\t<\/div>\n\t\t\t\t<\/div>\n\t\t\t\t<div class=\"elementor-element elementor-element-24125a7e elementor-widget elementor-widget-text-editor\" data-id=\"24125a7e\" data-element_type=\"widget\" data-e-type=\"widget\" data-widget_type=\"text-editor.default\">\n\t\t\t\t<div class=\"elementor-widget-container\">\n\t\t\t\t\t\t\t\t\t<p>A key success factor for a successful future is the short and long-term alignment of strategy, operations and financing, which also has a significant impact on the trust of employees, creditors and shareholders.<br \/>\nThis is ultimately achieved through a scenario-based, objectified and consensual strategy that takes into account the iterative triad of market, value creation and financing perspectives.<br \/>\nA special focus should be placed on the targeted use of resources: they ensure innovation and growth and thus ultimately sustainability.  <\/p>\n<p>On this basis, possible courses of action, scenarios for the future and financial framework conditions can be derived, which serve as guidelines for all those involved.<br \/>\nAbove all, the creation of different scenarios can form a target corridor in which the company is aware of the negative fluctuations of the various scenarios and has already thought through potential countermeasures.<br \/>\nThis makes it possible to act at an early stage and not just have to react at short notice.<br \/>\nThis makes it possible to take over market competitors or, for example, to proactively address imminent financing or a change in the business model without time pressure.   <\/p>\n\t\t\t\t\t\t\t\t<\/div>\n\t\t\t\t<\/div>\n\t\t\t\t<div class=\"elementor-element elementor-element-f53afaf elementor-widget elementor-widget-image\" data-id=\"f53afaf\" data-element_type=\"widget\" data-e-type=\"widget\" data-widget_type=\"image.default\">\n\t\t\t\t<div class=\"elementor-widget-container\">\n\t\t\t\t\t\t\t\t\t\t\t\t\t\t\t<img decoding=\"async\" width=\"1024\" height=\"591\" src=\"https:\/\/www.stefan-gros.de\/wp-content\/uploads\/2021\/09\/Dr-Stefan-Gros-CFO-Interim-Manager-wachstumstransformation-02-1024x591.jpg\" class=\"attachment-large size-large wp-image-2388\" alt=\"\" srcset=\"https:\/\/www.stefan-gros.de\/wp-content\/uploads\/2021\/09\/Dr-Stefan-Gros-CFO-Interim-Manager-wachstumstransformation-02-1024x591.jpg 1024w, https:\/\/www.stefan-gros.de\/wp-content\/uploads\/2021\/09\/Dr-Stefan-Gros-CFO-Interim-Manager-wachstumstransformation-02-300x173.jpg 300w, https:\/\/www.stefan-gros.de\/wp-content\/uploads\/2021\/09\/Dr-Stefan-Gros-CFO-Interim-Manager-wachstumstransformation-02-768x443.jpg 768w, https:\/\/www.stefan-gros.de\/wp-content\/uploads\/2021\/09\/Dr-Stefan-Gros-CFO-Interim-Manager-wachstumstransformation-02.jpg 1200w\" sizes=\"(max-width: 1024px) 100vw, 1024px\" \/>\t\t\t\t\t\t\t\t\t\t\t\t\t\t\t<\/div>\n\t\t\t\t<\/div>\n\t\t\t\t<div class=\"elementor-element elementor-element-58a4ac91 elementor-widget elementor-widget-heading\" data-id=\"58a4ac91\" data-element_type=\"widget\" data-e-type=\"widget\" data-widget_type=\"heading.default\">\n\t\t\t\t<div class=\"elementor-widget-container\">\n\t\t\t\t\t<h3 class=\"elementor-heading-title elementor-size-default\">1) Checklist tool: The concrete procedure (Business Re-view)<\/h3>\t\t\t\t<\/div>\n\t\t\t\t<\/div>\n\t\t\t\t<div class=\"elementor-element elementor-element-327ca14b elementor-widget elementor-widget-text-editor\" data-id=\"327ca14b\" data-element_type=\"widget\" data-e-type=\"widget\" data-widget_type=\"text-editor.default\">\n\t\t\t\t<div class=\"elementor-widget-container\">\n\t\t\t\t\t\t\t\t\t<p>The following section outlines potential steps of a business review that a new CFO plus (possibly as an interim manager) can carry out with the help of suitable advisory teams.<br \/>\nThe experienced CFO plus is called upon in many different areas and is more of a transformation officer than a sparring partner for the CEO and a business partner for the operations. <\/p>\n\t\t\t\t\t\t\t\t<\/div>\n\t\t\t\t<\/div>\n\t\t\t\t<div class=\"elementor-element elementor-element-c65d73e elementor-widget elementor-widget-image\" data-id=\"c65d73e\" data-element_type=\"widget\" data-e-type=\"widget\" data-widget_type=\"image.default\">\n\t\t\t\t<div class=\"elementor-widget-container\">\n\t\t\t\t\t\t\t\t\t\t\t\t\t\t\t<img decoding=\"async\" width=\"1024\" height=\"679\" src=\"https:\/\/www.stefan-gros.de\/wp-content\/uploads\/2021\/09\/Dr-Stefan-Gros-CFO-Interim-Manager-wachstumstransformation-04-1024x679.jpg\" class=\"attachment-large size-large wp-image-2390\" alt=\"\" srcset=\"https:\/\/www.stefan-gros.de\/wp-content\/uploads\/2021\/09\/Dr-Stefan-Gros-CFO-Interim-Manager-wachstumstransformation-04-1024x679.jpg 1024w, https:\/\/www.stefan-gros.de\/wp-content\/uploads\/2021\/09\/Dr-Stefan-Gros-CFO-Interim-Manager-wachstumstransformation-04-300x199.jpg 300w, https:\/\/www.stefan-gros.de\/wp-content\/uploads\/2021\/09\/Dr-Stefan-Gros-CFO-Interim-Manager-wachstumstransformation-04-768x509.jpg 768w, https:\/\/www.stefan-gros.de\/wp-content\/uploads\/2021\/09\/Dr-Stefan-Gros-CFO-Interim-Manager-wachstumstransformation-04.jpg 1300w\" sizes=\"(max-width: 1024px) 100vw, 1024px\" \/>\t\t\t\t\t\t\t\t\t\t\t\t\t\t\t<\/div>\n\t\t\t\t<\/div>\n\t\t\t\t<div class=\"elementor-element elementor-element-37c6e343 elementor-widget elementor-widget-text-editor\" data-id=\"37c6e343\" data-element_type=\"widget\" data-e-type=\"widget\" data-widget_type=\"text-editor.default\">\n\t\t\t\t<div class=\"elementor-widget-container\">\n\t\t\t\t\t\t\t\t\t<p><strong>a. Step 1: Potential analysis from three perspectives:<\/strong> <br \/>A viable starting point in terms of value creation and market as well as transparency of figures with regard to potential and risks<\/p>\n<p>Detailed analyses of the past do not make it clear what a picture of the future might look like and how the company&#8217;s capabilities can best meet the requirements of the market and customers.<br \/>\nThe authors therefore pursue a forward-looking approach in which the following key questions are answered with regard to sources of income, value creation and growth: <\/p>\n<ul>\n<li>What can the factory do (technology, batch sizes, processes)?<\/li>\n<li>What do the market and customers want (in the future)?<\/li>\n<li>What do data structures and processes look like (end-to-end, unique)?<\/li>\n<li>What actually earns money &#8211; and which processes &#8220;eat up&#8221; too many resources?<\/li>\n<\/ul>\n<p>The following tools are used to answer the above questions:<\/p>\n<ul>\n<li>Market and competition analysis including cross-industry experience, SWOT analyses<\/li>\n<li>Recording the process and data landscape as well as process mining in the commercial and operational areas with the involvement of IT and operations specialists<\/li>\n<li>Profit and loss source analysis (product income statement) with the aim of clearly focusing on the economically successful core business of the respective company and differentiating between good and bad sales (from a profit perspective) as well as the cost flexibility of the respective product\/product group<\/li>\n<li>Integrated corporate planning incl.<br \/>\nScenario calculation to derive financial requirements and estimate profitability and competitiveness <\/li>\n<li>Short and long-term rolling liquidity planning in order to be able to react proactively and meet the new requirements of the StaRUG<\/li>\n<\/ul>\n<p>Transformation is seen here in the sense of taking stock using the aforementioned analysis methods post covid and subsequently developing a CEO\/CFO agenda.<\/p>\n<\/p>\n<p><strong>b. Step 2: Future concept:<\/strong> <br \/>Create a sustainable, robust and realistic target image<\/p>\n<p>In most cases, it is less about &#8220;eliminating errors&#8221; and more about redimensioning, the best possible scaling level as the basis for competitive advantages, short lead times, high responsiveness, the cash conversion cycle and a clear segmentation of business according to business models and their specific financing requirements.<\/p>\n<p>To generate a resilient and realistic future concept (CFO\/CEO agenda), the analyses and results of the first step help, for example, to eliminate sources of loss.<br \/>\nSources of loss can be eliminated, the resource requirements of processes optimized and transparency created &#8211; end-to-end from the supplier to the customer, regardless of the legal entity structures.<br \/>\nThe evaluation of various options and scenarios in an integrated plan forms a sound basis for decision-making for management and all stakeholders.  <\/p>\n<p>The target image is usually achieved in two stages &#8211; first a clean redimensioning or refinancing and the subsequent transformation: growth and strategic offensives based on a clearly defined business model.<\/p>\n<p><strong>c. Step 3: Implementing\/tracking measures<\/strong><br \/>Implementation should be focused on from the outset &#8211; not building &#8220;castles in the air&#8221;, but defining relevant and practicable solutions for the future.<br \/>\nTo this end, it is essential to define the measures precisely and, above all, to quantify them.<br \/>\nThis makes it possible <strong>to set up a suitable PMO and change management to ensure the successful implementation of measures<\/strong>. The precise tracking of the quantified measures creates additional transparency for all stakeholders and makes the effects visible in the company&#8217;s figures.  <\/p>\n<p>The implementation projects and measures developed as part of the business review are the transmission belt for the successful change and design of a company &#8211; whether at a strategic and organizational level or when changing functional tasks and processes at an operational level.<br \/>\nIn the authors&#8217; experience, it provides a very good basis for negotiations with new financiers who also want to get a picture on an ongoing basis. <\/p>\n<ul>\n<li>The agenda will also include topics that last 2-3 years<\/li>\n<li>Priorities are set<\/li>\n<\/ul>\n\t\t\t\t\t\t\t\t<\/div>\n\t\t\t\t<\/div>\n\t\t\t\t<div class=\"elementor-element elementor-element-7cf8f9de elementor-widget elementor-widget-heading\" data-id=\"7cf8f9de\" data-element_type=\"widget\" data-e-type=\"widget\" data-widget_type=\"heading.default\">\n\t\t\t\t<div class=\"elementor-widget-container\">\n\t\t\t\t\t<h3 class=\"elementor-heading-title elementor-size-default\">2) The recipe for success<\/h3>\t\t\t\t<\/div>\n\t\t\t\t<\/div>\n\t\t\t\t<div class=\"elementor-element elementor-element-21bec017 elementor-widget elementor-widget-text-editor\" data-id=\"21bec017\" data-element_type=\"widget\" data-e-type=\"widget\" data-widget_type=\"text-editor.default\">\n\t\t\t\t<div class=\"elementor-widget-container\">\n\t\t\t\t\t\t\t\t\t<p>The decisive factor in a business review and subsequent successful corporate transformation is that the defined measures are implemented at C-level.<br \/>\nA &#8220;wind of change&#8221; must blow through the company.<br \/>\nThis can be achieved, for example, by a Chief Transformation Officer who supports the management in implementing the measures.<br \/>\nIt is important that these issues are not imposed on the existing management &#8220;at the top&#8221;.<br \/>\nAn action office should monitor the impact on the company&#8217;s earnings and financial situation.    <\/p>\n<p>In our many years of work with C-level responsibility and in the project business, the following combination of consultant and CTO\/CFO has proven to be particularly promising:<\/p>\n\t\t\t\t\t\t\t\t<\/div>\n\t\t\t\t<\/div>\n\t\t\t\t<section class=\"elementor-section elementor-inner-section elementor-element elementor-element-6adc6ee2 elementor-section-boxed elementor-section-height-default elementor-section-height-default\" data-id=\"6adc6ee2\" data-element_type=\"section\" data-e-type=\"section\" data-settings=\"{&quot;background_background&quot;:&quot;classic&quot;}\">\n\t\t\t\t\t\t<div class=\"elementor-container elementor-column-gap-default\">\n\t\t\t\t\t<div class=\"elementor-column elementor-col-100 elementor-inner-column elementor-element elementor-element-54fb08e7\" data-id=\"54fb08e7\" data-element_type=\"column\" data-e-type=\"column\" data-settings=\"{&quot;background_background&quot;:&quot;classic&quot;}\">\n\t\t\t<div class=\"elementor-widget-wrap elementor-element-populated\">\n\t\t\t\t\t\t<div class=\"elementor-element elementor-element-2e7a9e06 elementor-widget elementor-widget-text-editor\" data-id=\"2e7a9e06\" data-element_type=\"widget\" data-e-type=\"widget\" data-widget_type=\"text-editor.default\">\n\t\t\t\t<div class=\"elementor-widget-container\">\n\t\t\t\t\t\t\t\t\t<p><strong>A concept clearly derived from the analyses in cooperation between the consultant and CFOplus<\/strong><\/p>\n<p><strong>+<\/strong><\/p>\n<p><strong>Implementation by an experienced CTO \/ CFOplus, who is also involved in the conception phase, with the consultants accompanying the PMO.<\/strong><\/p>\n\t\t\t\t\t\t\t\t<\/div>\n\t\t\t\t<\/div>\n\t\t\t\t\t<\/div>\n\t\t<\/div>\n\t\t\t\t\t<\/div>\n\t\t<\/section>\n\t\t\t\t<section class=\"elementor-section elementor-inner-section elementor-element elementor-element-285184d elementor-section-boxed elementor-section-height-default elementor-section-height-default\" data-id=\"285184d\" data-element_type=\"section\" data-e-type=\"section\">\n\t\t\t\t\t\t<div class=\"elementor-container elementor-column-gap-default\">\n\t\t\t\t\t<div class=\"elementor-column elementor-col-100 elementor-inner-column elementor-element elementor-element-dd43d25\" data-id=\"dd43d25\" data-element_type=\"column\" data-e-type=\"column\">\n\t\t\t<div class=\"elementor-widget-wrap elementor-element-populated\">\n\t\t\t\t\t\t<div class=\"elementor-element elementor-element-bd108ad elementor-widget elementor-widget-text-editor\" data-id=\"bd108ad\" data-element_type=\"widget\" data-e-type=\"widget\" data-widget_type=\"text-editor.default\">\n\t\t\t\t<div class=\"elementor-widget-container\">\n\t\t\t\t\t\t\t\t\t<p>Involving the CTO as early as the consultant&#8217;s conception phase and jointly drafting a realistic target image, as described above, increases the speed of implementation and the success rate of the company transformation enormously.<\/p>\n\t\t\t\t\t\t\t\t<\/div>\n\t\t\t\t<\/div>\n\t\t\t\t\t<\/div>\n\t\t<\/div>\n\t\t\t\t\t<\/div>\n\t\t<\/section>\n\t\t\t\t<section class=\"elementor-section elementor-inner-section elementor-element elementor-element-9253187 elementor-section-boxed elementor-section-height-default elementor-section-height-default\" data-id=\"9253187\" data-element_type=\"section\" data-e-type=\"section\" data-settings=\"{&quot;background_background&quot;:&quot;classic&quot;}\">\n\t\t\t\t\t\t<div class=\"elementor-container elementor-column-gap-default\">\n\t\t\t\t\t<div class=\"elementor-column elementor-col-100 elementor-inner-column elementor-element elementor-element-a996007\" data-id=\"a996007\" data-element_type=\"column\" data-e-type=\"column\" data-settings=\"{&quot;background_background&quot;:&quot;classic&quot;}\">\n\t\t\t<div class=\"elementor-widget-wrap elementor-element-populated\">\n\t\t\t\t\t\t<div class=\"elementor-element elementor-element-dc34f0e elementor-widget elementor-widget-heading\" data-id=\"dc34f0e\" data-element_type=\"widget\" data-e-type=\"widget\" data-widget_type=\"heading.default\">\n\t\t\t\t<div class=\"elementor-widget-container\">\n\t\t\t\t\t<h3 class=\"elementor-heading-title elementor-size-default\">3) Conclusion<\/h3>\t\t\t\t<\/div>\n\t\t\t\t<\/div>\n\t\t\t\t<div class=\"elementor-element elementor-element-aa58fd2 elementor-widget elementor-widget-text-editor\" data-id=\"aa58fd2\" data-element_type=\"widget\" data-e-type=\"widget\" data-widget_type=\"text-editor.default\">\n\t\t\t\t<div class=\"elementor-widget-container\">\n\t\t\t\t\t\t\t\t\t<p>So what characterizes a successful transformation of a company in the field of dismantling and growth?<br \/>\nHow is it possible that short-term hardship does not overshadow long-term trends? <\/p>\n<p>In summary, it is important not to look too closely at the past.<br \/>\nA fact-based discussion of the initial situation, without taboos and with the involvement of various levels of the company, forms the basis for a promising and future-oriented analysis using the various tools.<br \/>\nIn the next step, it is important to create a resilient and, above all, realistic target image based on the results.<br \/>\nA consistent approach to loss-making segments and inefficient processes creates confidence in the implementation and demonstrates a willingness to change.<br \/>\nThis contributes positively to further motivation and willingness to implement among employees, creditors and shareholders.<br \/>\nThe precise definition and quantification of measures are essential.<br \/>\nThis enables precise tracking and makes the results of implementation visible.<br \/>\nThe interaction between the consultant&#8217;s design and the implementation by the CTO\/CFOplus, who is also involved in the design, proves to be extremely promising.       <\/p>\n<p>Even if the short-term problems and the possible lack of liquidity for future investments initially seem to overshadow the long-term trends, the various tools offer the opportunity to prepare properly for the challenges ahead.<br \/>\nThe effort made today offers flexibility for action in an uncertain future. <\/p>\n\t\t\t\t\t\t\t\t<\/div>\n\t\t\t\t<\/div>\n\t\t\t\t\t<\/div>\n\t\t<\/div>\n\t\t\t\t\t<\/div>\n\t\t<\/section>\n\t\t\t\t\t<\/div>\n\t\t<\/div>\n\t\t\t\t\t<\/div>\n\t\t<\/section>\n\t\t\t\t<section class=\"elementor-section elementor-top-section elementor-element elementor-element-12b3621c elementor-section-boxed elementor-section-height-default elementor-section-height-default\" data-id=\"12b3621c\" data-element_type=\"section\" data-e-type=\"section\">\n\t\t\t\t\t\t<div class=\"elementor-container elementor-column-gap-default\">\n\t\t\t\t\t<div class=\"elementor-column elementor-col-100 elementor-top-column elementor-element elementor-element-1574b5e6\" data-id=\"1574b5e6\" data-element_type=\"column\" data-e-type=\"column\">\n\t\t\t<div class=\"elementor-widget-wrap elementor-element-populated\">\n\t\t\t\t\t\t<section class=\"elementor-section elementor-inner-section elementor-element elementor-element-22a8ca90 elementor-section-boxed elementor-section-height-default elementor-section-height-default\" data-id=\"22a8ca90\" data-element_type=\"section\" data-e-type=\"section\" data-settings=\"{&quot;background_background&quot;:&quot;classic&quot;}\">\n\t\t\t\t\t\t<div class=\"elementor-container elementor-column-gap-default\">\n\t\t\t\t\t<div class=\"elementor-column elementor-col-100 elementor-inner-column elementor-element elementor-element-38b029ad\" data-id=\"38b029ad\" data-element_type=\"column\" data-e-type=\"column\">\n\t\t\t<div class=\"elementor-widget-wrap elementor-element-populated\">\n\t\t\t\t\t\t<div class=\"elementor-element elementor-element-6b57afc0 elementor-widget elementor-widget-heading\" data-id=\"6b57afc0\" data-element_type=\"widget\" data-e-type=\"widget\" data-widget_type=\"heading.default\">\n\t\t\t\t<div class=\"elementor-widget-container\">\n\t\t\t\t\t<h3 class=\"elementor-heading-title elementor-size-default\">Authors<\/h3>\t\t\t\t<\/div>\n\t\t\t\t<\/div>\n\t\t\t\t\t<\/div>\n\t\t<\/div>\n\t\t\t\t\t<\/div>\n\t\t<\/section>\n\t\t\t\t<section class=\"elementor-section elementor-inner-section elementor-element elementor-element-3183ee49 elementor-section-boxed elementor-section-height-default elementor-section-height-default\" data-id=\"3183ee49\" data-element_type=\"section\" data-e-type=\"section\" data-settings=\"{&quot;background_background&quot;:&quot;classic&quot;}\">\n\t\t\t\t\t\t<div class=\"elementor-container elementor-column-gap-default\">\n\t\t\t\t\t<div class=\"elementor-column elementor-col-50 elementor-inner-column elementor-element elementor-element-55122d2a\" data-id=\"55122d2a\" data-element_type=\"column\" data-e-type=\"column\">\n\t\t\t<div class=\"elementor-widget-wrap elementor-element-populated\">\n\t\t\t\t\t\t<div class=\"elementor-element elementor-element-7ae531d elementor-widget elementor-widget-image\" data-id=\"7ae531d\" data-element_type=\"widget\" data-e-type=\"widget\" data-widget_type=\"image.default\">\n\t\t\t\t<div class=\"elementor-widget-container\">\n\t\t\t\t\t\t\t\t\t\t\t\t\t\t\t<img loading=\"lazy\" decoding=\"async\" width=\"400\" height=\"400\" src=\"https:\/\/www.stefan-gros.de\/wp-content\/uploads\/2020\/12\/Dr-Stefan-Gros-CFO-Interim-Manager-author-portrait.jpg\" class=\"attachment-full size-full wp-image-2312\" alt=\"\" srcset=\"https:\/\/www.stefan-gros.de\/wp-content\/uploads\/2020\/12\/Dr-Stefan-Gros-CFO-Interim-Manager-author-portrait.jpg 400w, https:\/\/www.stefan-gros.de\/wp-content\/uploads\/2020\/12\/Dr-Stefan-Gros-CFO-Interim-Manager-author-portrait-300x300.jpg 300w, https:\/\/www.stefan-gros.de\/wp-content\/uploads\/2020\/12\/Dr-Stefan-Gros-CFO-Interim-Manager-author-portrait-150x150.jpg 150w\" sizes=\"(max-width: 400px) 100vw, 400px\" \/>\t\t\t\t\t\t\t\t\t\t\t\t\t\t\t<\/div>\n\t\t\t\t<\/div>\n\t\t\t\t\t<\/div>\n\t\t<\/div>\n\t\t\t\t<div class=\"elementor-column elementor-col-50 elementor-inner-column elementor-element elementor-element-51cd517b\" data-id=\"51cd517b\" data-element_type=\"column\" data-e-type=\"column\">\n\t\t\t<div class=\"elementor-widget-wrap elementor-element-populated\">\n\t\t\t\t\t\t<div class=\"elementor-element elementor-element-23c3f45a elementor-widget elementor-widget-text-editor\" data-id=\"23c3f45a\" data-element_type=\"widget\" data-e-type=\"widget\" data-widget_type=\"text-editor.default\">\n\t\t\t\t<div class=\"elementor-widget-container\">\n\t\t\t\t\t\t\t\t\t<p><strong>Dr. Stefan Gros<\/strong> is Chief Financial Officer.<br \/>\nHe has particular expertise in the areas of corporate finance, performance and value enhancement concepts, digital transformation and business model adaptation as well as business transformation.<br \/>\nGrowth transformation in combination with M&amp;A is another focus.  <\/p>\n<p>With more than 25 years of professional and management experience, Dr. Stefan Gros is one of the most experienced executives in Germany for companies with specific challenges.<br \/>\nHis clients include successful and well-known companies.<br \/>\nHe takes on tasks as an interim executive as well as long-term board and management mandates.  <\/p>\n<p>From 2009-2016, Dr. Gros was a member of the Advisory Board of Deutsche Bank AG, Central Region, and since 2010 he has been a lecturer for Business Valuation at the Catholic University of Eichst\u00e4tt \/ Ingolstadt and a founding member of the Digital Finance and M&amp;A Working Group of the German Schmalenbach Society for Business Administration.  <\/p>\n<p>Contact: <a href=\"mailto:sg@stefan-gros.de\">sg@stefan-gros.de<\/a><\/p>\n\t\t\t\t\t\t\t\t<\/div>\n\t\t\t\t<\/div>\n\t\t\t\t\t<\/div>\n\t\t<\/div>\n\t\t\t\t\t<\/div>\n\t\t<\/section>\n\t\t\t\t<section class=\"elementor-section elementor-inner-section elementor-element elementor-element-dcbb359 elementor-section-boxed elementor-section-height-default elementor-section-height-default\" data-id=\"dcbb359\" data-element_type=\"section\" data-e-type=\"section\" data-settings=\"{&quot;background_background&quot;:&quot;classic&quot;}\">\n\t\t\t\t\t\t<div class=\"elementor-container elementor-column-gap-default\">\n\t\t\t\t\t<div class=\"elementor-column elementor-col-50 elementor-inner-column elementor-element elementor-element-610abffa\" data-id=\"610abffa\" data-element_type=\"column\" data-e-type=\"column\">\n\t\t\t<div class=\"elementor-widget-wrap elementor-element-populated\">\n\t\t\t\t\t\t<div class=\"elementor-element elementor-element-786cfe99 elementor-widget elementor-widget-image\" data-id=\"786cfe99\" data-element_type=\"widget\" data-e-type=\"widget\" data-widget_type=\"image.default\">\n\t\t\t\t<div class=\"elementor-widget-container\">\n\t\t\t\t\t\t\t\t\t\t\t\t\t\t\t<img loading=\"lazy\" decoding=\"async\" width=\"284\" height=\"284\" src=\"https:\/\/www.stefan-gros.de\/wp-content\/uploads\/2021\/09\/Matthias-Mueller.jpg\" class=\"attachment-full size-full wp-image-2391\" alt=\"\" srcset=\"https:\/\/www.stefan-gros.de\/wp-content\/uploads\/2021\/09\/Matthias-Mueller.jpg 284w, https:\/\/www.stefan-gros.de\/wp-content\/uploads\/2021\/09\/Matthias-Mueller-150x150.jpg 150w\" sizes=\"(max-width: 284px) 100vw, 284px\" \/>\t\t\t\t\t\t\t\t\t\t\t\t\t\t\t<\/div>\n\t\t\t\t<\/div>\n\t\t\t\t\t<\/div>\n\t\t<\/div>\n\t\t\t\t<div class=\"elementor-column elementor-col-50 elementor-inner-column elementor-element elementor-element-11e3aad3\" data-id=\"11e3aad3\" data-element_type=\"column\" data-e-type=\"column\">\n\t\t\t<div class=\"elementor-widget-wrap elementor-element-populated\">\n\t\t\t\t\t\t<div class=\"elementor-element elementor-element-7e5e226a elementor-widget elementor-widget-text-editor\" data-id=\"7e5e226a\" data-element_type=\"widget\" data-e-type=\"widget\" data-widget_type=\"text-editor.default\">\n\t\t\t\t<div class=\"elementor-widget-container\">\n\t\t\t\t\t\t\t\t\t<p><strong>Matthias M\u00fcller<\/strong> is a member of the management board of a medium-sized management consultancy.<br \/>\nSince studying economics (University of Constance) and finance and information management (Technical University of Munich), he has been involved in reorganization, restructuring, financing and insolvency projects. <\/p>\n<p>His professional focus is on solving complex issues at the legal-business interface on the one hand and on the pragmatic modeling of complex issues on the other.<br \/>\nHis industry focus is on trade, the automotive industry and mechanical and plant engineering. <\/p>\n\t\t\t\t\t\t\t\t<\/div>\n\t\t\t\t<\/div>\n\t\t\t\t\t<\/div>\n\t\t<\/div>\n\t\t\t\t\t<\/div>\n\t\t<\/section>\n\t\t\t\t<div class=\"elementor-element elementor-element-3ba0558b elementor-align-left elementor-widget elementor-widget-button\" data-id=\"3ba0558b\" data-element_type=\"widget\" data-e-type=\"widget\" data-widget_type=\"button.default\">\n\t\t\t\t<div class=\"elementor-widget-container\">\n\t\t\t\t\t\t\t\t\t<div class=\"elementor-button-wrapper\">\n\t\t\t\t\t<a class=\"elementor-button elementor-button-link elementor-size-md\" href=\"https:\/\/www.stefan-gros.de\/wp-content\/uploads\/2021\/09\/Artikel-Wachstumstransformation-CFOplus-Gros-Mueller.pdf\" target=\"_blank\">\n\t\t\t\t\t\t<span class=\"elementor-button-content-wrapper\">\n\t\t\t\t\t\t<span class=\"elementor-button-icon\">\n\t\t\t\t<i aria-hidden=\"true\" class=\"fas fa-arrow-down\"><\/i>\t\t\t<\/span>\n\t\t\t\t\t\t\t\t\t<span class=\"elementor-button-text\">Article as PDF<\/span>\n\t\t\t\t\t<\/span>\n\t\t\t\t\t<\/a>\n\t\t\t\t<\/div>\n\t\t\t\t\t\t\t\t<\/div>\n\t\t\t\t<\/div>\n\t\t\t\t<div class=\"elementor-element elementor-element-234a60cb elementor-widget elementor-widget-text-editor\" data-id=\"234a60cb\" data-element_type=\"widget\" data-e-type=\"widget\" data-widget_type=\"text-editor.default\">\n\t\t\t\t<div class=\"elementor-widget-container\">\n\t\t\t\t\t\t\t\t\t<p>Share post in the network:<\/p>\n\t\t\t\t\t\t\t\t<\/div>\n\t\t\t\t<\/div>\n\t\t\t\t<div class=\"elementor-element elementor-element-1f2165 elementor-share-buttons--view-icon elementor-share-buttons--skin-flat elementor-grid-4 elementor-share-buttons--color-custom elementor-share-buttons--shape-square elementor-widget elementor-widget-share-buttons\" data-id=\"1f2165\" data-element_type=\"widget\" data-e-type=\"widget\" data-widget_type=\"share-buttons.default\">\n\t\t\t\t<div class=\"elementor-widget-container\">\n\t\t\t\t\t\t\t<div class=\"elementor-grid\" role=\"list\">\n\t\t\t\t\t\t\t\t<div class=\"elementor-grid-item\" role=\"listitem\">\n\t\t\t\t\t\t<div class=\"elementor-share-btn elementor-share-btn_twitter\" role=\"button\" tabindex=\"0\" aria-label=\"Share on twitter\">\n\t\t\t\t\t\t\t\t\t\t\t\t\t\t\t<span class=\"elementor-share-btn__icon\">\n\t\t\t\t\t\t\t\t<i class=\"fab fa-twitter\" aria-hidden=\"true\"><\/i>\t\t\t\t\t\t\t<\/span>\n\t\t\t\t\t\t\t\t\t\t\t\t\t\t\t\t\t\t\t\t<\/div>\n\t\t\t\t\t<\/div>\n\t\t\t\t\t\t\t\t\t<div class=\"elementor-grid-item\" role=\"listitem\">\n\t\t\t\t\t\t<div class=\"elementor-share-btn elementor-share-btn_linkedin\" role=\"button\" tabindex=\"0\" aria-label=\"Share on linkedin\">\n\t\t\t\t\t\t\t\t\t\t\t\t\t\t\t<span class=\"elementor-share-btn__icon\">\n\t\t\t\t\t\t\t\t<i class=\"fab fa-linkedin\" aria-hidden=\"true\"><\/i>\t\t\t\t\t\t\t<\/span>\n\t\t\t\t\t\t\t\t\t\t\t\t\t\t\t\t\t\t\t\t<\/div>\n\t\t\t\t\t<\/div>\n\t\t\t\t\t\t\t\t\t<div class=\"elementor-grid-item\" role=\"listitem\">\n\t\t\t\t\t\t<div class=\"elementor-share-btn elementor-share-btn_xing\" role=\"button\" tabindex=\"0\" aria-label=\"Share on xing\">\n\t\t\t\t\t\t\t\t\t\t\t\t\t\t\t<span class=\"elementor-share-btn__icon\">\n\t\t\t\t\t\t\t\t<i class=\"fab fa-xing\" aria-hidden=\"true\"><\/i>\t\t\t\t\t\t\t<\/span>\n\t\t\t\t\t\t\t\t\t\t\t\t\t\t\t\t\t\t\t\t<\/div>\n\t\t\t\t\t<\/div>\n\t\t\t\t\t\t\t\t\t<div class=\"elementor-grid-item\" role=\"listitem\">\n\t\t\t\t\t\t<div class=\"elementor-share-btn elementor-share-btn_email\" role=\"button\" tabindex=\"0\" aria-label=\"Share on email\">\n\t\t\t\t\t\t\t\t\t\t\t\t\t\t\t<span class=\"elementor-share-btn__icon\">\n\t\t\t\t\t\t\t\t<i class=\"fas fa-envelope\" aria-hidden=\"true\"><\/i>\t\t\t\t\t\t\t<\/span>\n\t\t\t\t\t\t\t\t\t\t\t\t\t\t\t\t\t\t\t\t<\/div>\n\t\t\t\t\t<\/div>\n\t\t\t\t\t\t<\/div>\n\t\t\t\t\t\t<\/div>\n\t\t\t\t<\/div>\n\t\t\t\t\t<\/div>\n\t\t<\/div>\n\t\t\t\t\t<\/div>\n\t\t<\/section>\n\t\t\t\t<\/div>\n\t\t","protected":false},"excerpt":{"rendered":"<p>CFOplus* &#8211; A comprehensive consulting approach incl.<br \/>\nsystematic checklist tool &#8230; <\/p>\n","protected":false},"author":3,"featured_media":2386,"comment_status":"closed","ping_status":"open","sticky":false,"template":"","format":"standard","meta":{"site-sidebar-layout":"default","site-content-layout":"default","ast-site-content-layout":"default","site-content-style":"default","site-sidebar-style":"default","ast-global-header-display":"","ast-banner-title-visibility":"","ast-main-header-display":"","ast-hfb-above-header-display":"","ast-hfb-below-header-display":"","ast-hfb-mobile-header-display":"","site-post-title":"","ast-breadcrumbs-content":"","ast-featured-img":"","footer-sml-layout":"","ast-disable-related-posts":"","theme-transparent-header-meta":"default","adv-header-id-meta":"","stick-header-meta":"default","header-above-stick-meta":"","header-main-stick-meta":"","header-below-stick-meta":"","astra-migrate-meta-layouts":"default","ast-page-background-enabled":"default","ast-page-background-meta":{"desktop":{"background-color":"","background-image":"","background-repeat":"repeat","background-position":"center center","background-size":"auto","background-attachment":"scroll","background-type":"","background-media":"","overlay-type":"","overlay-color":"","overlay-opacity":"","overlay-gradient":""},"tablet":{"background-color":"","background-image":"","background-repeat":"repeat","background-position":"center center","background-size":"auto","background-attachment":"scroll","background-type":"","background-media":"","overlay-type":"","overlay-color":"","overlay-opacity":"","overlay-gradient":""},"mobile":{"background-color":"","background-image":"","background-repeat":"repeat","background-position":"center center","background-size":"auto","background-attachment":"scroll","background-type":"","background-media":"","overlay-type":"","overlay-color":"","overlay-opacity":"","overlay-gradient":""}},"ast-content-background-meta":{"desktop":{"background-color":"var(--ast-global-color-5)","background-image":"","background-repeat":"repeat","background-position":"center center","background-size":"auto","background-attachment":"scroll","background-type":"","background-media":"","overlay-type":"","overlay-color":"","overlay-opacity":"","overlay-gradient":""},"tablet":{"background-color":"var(--ast-global-color-5)","background-image":"","background-repeat":"repeat","background-position":"center center","background-size":"auto","background-attachment":"scroll","background-type":"","background-media":"","overlay-type":"","overlay-color":"","overlay-opacity":"","overlay-gradient":""},"mobile":{"background-color":"var(--ast-global-color-5)","background-image":"","background-repeat":"repeat","background-position":"center center","background-size":"auto","background-attachment":"scroll","background-type":"","background-media":"","overlay-type":"","overlay-color":"","overlay-opacity":"","overlay-gradient":""}},"footnotes":""},"categories":[1],"tags":[],"class_list":["post-2493","post","type-post","status-publish","format-standard","has-post-thumbnail","hentry","category-unkategorisiert"],"yoast_head":"<!-- This site is optimized with the Yoast SEO plugin v27.4 - https:\/\/yoast.com\/product\/yoast-seo-wordpress\/ -->\n<title>Growth transformation: back to long-term thinking - short-term problems must not overshadow long-term trends | Dr. Stefan Gros<\/title>\n<meta name=\"robots\" content=\"index, follow, max-snippet:-1, max-image-preview:large, max-video-preview:-1\" \/>\n<link rel=\"canonical\" href=\"https:\/\/www.stefan-gros.de\/en\/growth-transformation-back-to-long-term-thinking-short-term-problems-must-not-overshadow-long-term-trends\/\" \/>\n<meta property=\"og:locale\" content=\"en_US\" \/>\n<meta property=\"og:type\" content=\"article\" \/>\n<meta property=\"og:title\" content=\"Growth transformation: back to long-term thinking - short-term problems must not overshadow long-term trends | Dr. Stefan Gros\" \/>\n<meta property=\"og:description\" content=\"CFOplus* - A comprehensive consulting approach incl. systematic checklist tool ...\" \/>\n<meta property=\"og:url\" content=\"https:\/\/www.stefan-gros.de\/en\/growth-transformation-back-to-long-term-thinking-short-term-problems-must-not-overshadow-long-term-trends\/\" \/>\n<meta property=\"og:site_name\" content=\"Dr. Stefan Gros\" \/>\n<meta property=\"article:published_time\" content=\"2020-09-15T18:21:20+00:00\" \/>\n<meta property=\"article:modified_time\" content=\"2024-07-25T18:20:55+00:00\" \/>\n<meta property=\"og:image\" content=\"https:\/\/www.stefan-gros.de\/wp-content\/uploads\/2021\/09\/Dr-Stefan-Gros-CFO-Interim-Manager-13.jpg\" \/>\n\t<meta property=\"og:image:width\" content=\"1000\" \/>\n\t<meta property=\"og:image:height\" content=\"680\" \/>\n\t<meta property=\"og:image:type\" content=\"image\/jpeg\" \/>\n<meta name=\"author\" content=\"Dr. Stefan Gros | CFO\" \/>\n<meta name=\"twitter:card\" content=\"summary_large_image\" \/>\n<meta name=\"twitter:label1\" content=\"Written by\" \/>\n\t<meta name=\"twitter:data1\" content=\"Dr. Stefan Gros | CFO\" \/>\n\t<meta name=\"twitter:label2\" content=\"Est. reading time\" \/>\n\t<meta name=\"twitter:data2\" content=\"10 minutes\" \/>\n<script type=\"application\/ld+json\" class=\"yoast-schema-graph\">{\"@context\":\"https:\\\/\\\/schema.org\",\"@graph\":[{\"@type\":\"Article\",\"@id\":\"https:\\\/\\\/www.stefan-gros.de\\\/en\\\/growth-transformation-back-to-long-term-thinking-short-term-problems-must-not-overshadow-long-term-trends\\\/#article\",\"isPartOf\":{\"@id\":\"https:\\\/\\\/www.stefan-gros.de\\\/en\\\/growth-transformation-back-to-long-term-thinking-short-term-problems-must-not-overshadow-long-term-trends\\\/\"},\"author\":{\"name\":\"Dr. Stefan Gros | CFO\",\"@id\":\"https:\\\/\\\/www.stefan-gros.de\\\/en\\\/#\\\/schema\\\/person\\\/3e56e01f6f2443cb5b42fb41bdc31b78\"},\"headline\":\"Growth transformation: back to long-term thinking &#8211; short-term problems must not overshadow long-term trends\",\"datePublished\":\"2020-09-15T18:21:20+00:00\",\"dateModified\":\"2024-07-25T18:20:55+00:00\",\"mainEntityOfPage\":{\"@id\":\"https:\\\/\\\/www.stefan-gros.de\\\/en\\\/growth-transformation-back-to-long-term-thinking-short-term-problems-must-not-overshadow-long-term-trends\\\/\"},\"wordCount\":1986,\"publisher\":{\"@id\":\"https:\\\/\\\/www.stefan-gros.de\\\/en\\\/#\\\/schema\\\/person\\\/3e56e01f6f2443cb5b42fb41bdc31b78\"},\"image\":{\"@id\":\"https:\\\/\\\/www.stefan-gros.de\\\/en\\\/growth-transformation-back-to-long-term-thinking-short-term-problems-must-not-overshadow-long-term-trends\\\/#primaryimage\"},\"thumbnailUrl\":\"https:\\\/\\\/www.stefan-gros.de\\\/wp-content\\\/uploads\\\/2021\\\/09\\\/Dr-Stefan-Gros-CFO-Interim-Manager-13.jpg\",\"articleSection\":[\"Unkategorisiert\"],\"inLanguage\":\"en-US\"},{\"@type\":\"WebPage\",\"@id\":\"https:\\\/\\\/www.stefan-gros.de\\\/en\\\/growth-transformation-back-to-long-term-thinking-short-term-problems-must-not-overshadow-long-term-trends\\\/\",\"url\":\"https:\\\/\\\/www.stefan-gros.de\\\/en\\\/growth-transformation-back-to-long-term-thinking-short-term-problems-must-not-overshadow-long-term-trends\\\/\",\"name\":\"Growth transformation: back to long-term thinking - short-term problems must not overshadow long-term trends | Dr. Stefan Gros\",\"isPartOf\":{\"@id\":\"https:\\\/\\\/www.stefan-gros.de\\\/en\\\/#website\"},\"primaryImageOfPage\":{\"@id\":\"https:\\\/\\\/www.stefan-gros.de\\\/en\\\/growth-transformation-back-to-long-term-thinking-short-term-problems-must-not-overshadow-long-term-trends\\\/#primaryimage\"},\"image\":{\"@id\":\"https:\\\/\\\/www.stefan-gros.de\\\/en\\\/growth-transformation-back-to-long-term-thinking-short-term-problems-must-not-overshadow-long-term-trends\\\/#primaryimage\"},\"thumbnailUrl\":\"https:\\\/\\\/www.stefan-gros.de\\\/wp-content\\\/uploads\\\/2021\\\/09\\\/Dr-Stefan-Gros-CFO-Interim-Manager-13.jpg\",\"datePublished\":\"2020-09-15T18:21:20+00:00\",\"dateModified\":\"2024-07-25T18:20:55+00:00\",\"breadcrumb\":{\"@id\":\"https:\\\/\\\/www.stefan-gros.de\\\/en\\\/growth-transformation-back-to-long-term-thinking-short-term-problems-must-not-overshadow-long-term-trends\\\/#breadcrumb\"},\"inLanguage\":\"en-US\",\"potentialAction\":[{\"@type\":\"ReadAction\",\"target\":[\"https:\\\/\\\/www.stefan-gros.de\\\/en\\\/growth-transformation-back-to-long-term-thinking-short-term-problems-must-not-overshadow-long-term-trends\\\/\"]}]},{\"@type\":\"ImageObject\",\"inLanguage\":\"en-US\",\"@id\":\"https:\\\/\\\/www.stefan-gros.de\\\/en\\\/growth-transformation-back-to-long-term-thinking-short-term-problems-must-not-overshadow-long-term-trends\\\/#primaryimage\",\"url\":\"https:\\\/\\\/www.stefan-gros.de\\\/wp-content\\\/uploads\\\/2021\\\/09\\\/Dr-Stefan-Gros-CFO-Interim-Manager-13.jpg\",\"contentUrl\":\"https:\\\/\\\/www.stefan-gros.de\\\/wp-content\\\/uploads\\\/2021\\\/09\\\/Dr-Stefan-Gros-CFO-Interim-Manager-13.jpg\",\"width\":1000,\"height\":680},{\"@type\":\"BreadcrumbList\",\"@id\":\"https:\\\/\\\/www.stefan-gros.de\\\/en\\\/growth-transformation-back-to-long-term-thinking-short-term-problems-must-not-overshadow-long-term-trends\\\/#breadcrumb\",\"itemListElement\":[{\"@type\":\"ListItem\",\"position\":1,\"name\":\"Startseite\",\"item\":\"https:\\\/\\\/www.stefan-gros.de\\\/en\\\/\"},{\"@type\":\"ListItem\",\"position\":2,\"name\":\"Growth transformation: back to long-term thinking &#8211; short-term problems must not overshadow long-term trends\"}]},{\"@type\":\"WebSite\",\"@id\":\"https:\\\/\\\/www.stefan-gros.de\\\/en\\\/#website\",\"url\":\"https:\\\/\\\/www.stefan-gros.de\\\/en\\\/\",\"name\":\"Dr. Stefan Gros\",\"description\":\"Chief Financial Officer\",\"publisher\":{\"@id\":\"https:\\\/\\\/www.stefan-gros.de\\\/en\\\/#\\\/schema\\\/person\\\/3e56e01f6f2443cb5b42fb41bdc31b78\"},\"potentialAction\":[{\"@type\":\"SearchAction\",\"target\":{\"@type\":\"EntryPoint\",\"urlTemplate\":\"https:\\\/\\\/www.stefan-gros.de\\\/en\\\/?s={search_term_string}\"},\"query-input\":{\"@type\":\"PropertyValueSpecification\",\"valueRequired\":true,\"valueName\":\"search_term_string\"}}],\"inLanguage\":\"en-US\"},{\"@type\":[\"Person\",\"Organization\"],\"@id\":\"https:\\\/\\\/www.stefan-gros.de\\\/en\\\/#\\\/schema\\\/person\\\/3e56e01f6f2443cb5b42fb41bdc31b78\",\"name\":\"Dr. Stefan Gros | CFO\",\"image\":{\"@type\":\"ImageObject\",\"inLanguage\":\"en-US\",\"@id\":\"https:\\\/\\\/www.stefan-gros.de\\\/wp-content\\\/uploads\\\/2020\\\/12\\\/Dr-Stefan-Gros-CFO-Interim-Manager-bg-contact-02.jpg\",\"url\":\"https:\\\/\\\/www.stefan-gros.de\\\/wp-content\\\/uploads\\\/2020\\\/12\\\/Dr-Stefan-Gros-CFO-Interim-Manager-bg-contact-02.jpg\",\"contentUrl\":\"https:\\\/\\\/www.stefan-gros.de\\\/wp-content\\\/uploads\\\/2020\\\/12\\\/Dr-Stefan-Gros-CFO-Interim-Manager-bg-contact-02.jpg\",\"width\":1280,\"height\":774,\"caption\":\"Dr. Stefan Gros | CFO\"},\"logo\":{\"@id\":\"https:\\\/\\\/www.stefan-gros.de\\\/wp-content\\\/uploads\\\/2020\\\/12\\\/Dr-Stefan-Gros-CFO-Interim-Manager-bg-contact-02.jpg\"},\"description\":\"Dr. Stefan Gros ist Chief Financial Officer und Transformation Officer ad interim. Mit seiner mehr als 25-j\u00e4hrigen Berufs- und F\u00fchrungserfahrung z\u00e4hlt er zu den Top-Executives in Deutschland f\u00fcr Unternehmen mit spezifischen Herausforderungen und komplexen Situationen.\",\"url\":\"https:\\\/\\\/www.stefan-gros.de\\\/en\\\/author\\\/drstefangros\\\/\"}]}<\/script>\n<!-- \/ Yoast SEO plugin. -->","yoast_head_json":{"title":"Growth transformation: back to long-term thinking - short-term problems must not overshadow long-term trends | Dr. Stefan Gros","robots":{"index":"index","follow":"follow","max-snippet":"max-snippet:-1","max-image-preview":"max-image-preview:large","max-video-preview":"max-video-preview:-1"},"canonical":"https:\/\/www.stefan-gros.de\/en\/growth-transformation-back-to-long-term-thinking-short-term-problems-must-not-overshadow-long-term-trends\/","og_locale":"en_US","og_type":"article","og_title":"Growth transformation: back to long-term thinking - short-term problems must not overshadow long-term trends | Dr. Stefan Gros","og_description":"CFOplus* - A comprehensive consulting approach incl. systematic checklist tool ...","og_url":"https:\/\/www.stefan-gros.de\/en\/growth-transformation-back-to-long-term-thinking-short-term-problems-must-not-overshadow-long-term-trends\/","og_site_name":"Dr. Stefan Gros","article_published_time":"2020-09-15T18:21:20+00:00","article_modified_time":"2024-07-25T18:20:55+00:00","og_image":[{"width":1000,"height":680,"url":"https:\/\/www.stefan-gros.de\/wp-content\/uploads\/2021\/09\/Dr-Stefan-Gros-CFO-Interim-Manager-13.jpg","type":"image\/jpeg"}],"author":"Dr. Stefan Gros | CFO","twitter_card":"summary_large_image","twitter_misc":{"Written by":"Dr. Stefan Gros | CFO","Est. reading time":"10 minutes"},"schema":{"@context":"https:\/\/schema.org","@graph":[{"@type":"Article","@id":"https:\/\/www.stefan-gros.de\/en\/growth-transformation-back-to-long-term-thinking-short-term-problems-must-not-overshadow-long-term-trends\/#article","isPartOf":{"@id":"https:\/\/www.stefan-gros.de\/en\/growth-transformation-back-to-long-term-thinking-short-term-problems-must-not-overshadow-long-term-trends\/"},"author":{"name":"Dr. Stefan Gros | CFO","@id":"https:\/\/www.stefan-gros.de\/en\/#\/schema\/person\/3e56e01f6f2443cb5b42fb41bdc31b78"},"headline":"Growth transformation: back to long-term thinking &#8211; short-term problems must not overshadow long-term trends","datePublished":"2020-09-15T18:21:20+00:00","dateModified":"2024-07-25T18:20:55+00:00","mainEntityOfPage":{"@id":"https:\/\/www.stefan-gros.de\/en\/growth-transformation-back-to-long-term-thinking-short-term-problems-must-not-overshadow-long-term-trends\/"},"wordCount":1986,"publisher":{"@id":"https:\/\/www.stefan-gros.de\/en\/#\/schema\/person\/3e56e01f6f2443cb5b42fb41bdc31b78"},"image":{"@id":"https:\/\/www.stefan-gros.de\/en\/growth-transformation-back-to-long-term-thinking-short-term-problems-must-not-overshadow-long-term-trends\/#primaryimage"},"thumbnailUrl":"https:\/\/www.stefan-gros.de\/wp-content\/uploads\/2021\/09\/Dr-Stefan-Gros-CFO-Interim-Manager-13.jpg","articleSection":["Unkategorisiert"],"inLanguage":"en-US"},{"@type":"WebPage","@id":"https:\/\/www.stefan-gros.de\/en\/growth-transformation-back-to-long-term-thinking-short-term-problems-must-not-overshadow-long-term-trends\/","url":"https:\/\/www.stefan-gros.de\/en\/growth-transformation-back-to-long-term-thinking-short-term-problems-must-not-overshadow-long-term-trends\/","name":"Growth transformation: back to long-term thinking - short-term problems must not overshadow long-term trends | Dr. Stefan Gros","isPartOf":{"@id":"https:\/\/www.stefan-gros.de\/en\/#website"},"primaryImageOfPage":{"@id":"https:\/\/www.stefan-gros.de\/en\/growth-transformation-back-to-long-term-thinking-short-term-problems-must-not-overshadow-long-term-trends\/#primaryimage"},"image":{"@id":"https:\/\/www.stefan-gros.de\/en\/growth-transformation-back-to-long-term-thinking-short-term-problems-must-not-overshadow-long-term-trends\/#primaryimage"},"thumbnailUrl":"https:\/\/www.stefan-gros.de\/wp-content\/uploads\/2021\/09\/Dr-Stefan-Gros-CFO-Interim-Manager-13.jpg","datePublished":"2020-09-15T18:21:20+00:00","dateModified":"2024-07-25T18:20:55+00:00","breadcrumb":{"@id":"https:\/\/www.stefan-gros.de\/en\/growth-transformation-back-to-long-term-thinking-short-term-problems-must-not-overshadow-long-term-trends\/#breadcrumb"},"inLanguage":"en-US","potentialAction":[{"@type":"ReadAction","target":["https:\/\/www.stefan-gros.de\/en\/growth-transformation-back-to-long-term-thinking-short-term-problems-must-not-overshadow-long-term-trends\/"]}]},{"@type":"ImageObject","inLanguage":"en-US","@id":"https:\/\/www.stefan-gros.de\/en\/growth-transformation-back-to-long-term-thinking-short-term-problems-must-not-overshadow-long-term-trends\/#primaryimage","url":"https:\/\/www.stefan-gros.de\/wp-content\/uploads\/2021\/09\/Dr-Stefan-Gros-CFO-Interim-Manager-13.jpg","contentUrl":"https:\/\/www.stefan-gros.de\/wp-content\/uploads\/2021\/09\/Dr-Stefan-Gros-CFO-Interim-Manager-13.jpg","width":1000,"height":680},{"@type":"BreadcrumbList","@id":"https:\/\/www.stefan-gros.de\/en\/growth-transformation-back-to-long-term-thinking-short-term-problems-must-not-overshadow-long-term-trends\/#breadcrumb","itemListElement":[{"@type":"ListItem","position":1,"name":"Startseite","item":"https:\/\/www.stefan-gros.de\/en\/"},{"@type":"ListItem","position":2,"name":"Growth transformation: back to long-term thinking &#8211; short-term problems must not overshadow long-term trends"}]},{"@type":"WebSite","@id":"https:\/\/www.stefan-gros.de\/en\/#website","url":"https:\/\/www.stefan-gros.de\/en\/","name":"Dr. Stefan Gros","description":"Chief Financial Officer","publisher":{"@id":"https:\/\/www.stefan-gros.de\/en\/#\/schema\/person\/3e56e01f6f2443cb5b42fb41bdc31b78"},"potentialAction":[{"@type":"SearchAction","target":{"@type":"EntryPoint","urlTemplate":"https:\/\/www.stefan-gros.de\/en\/?s={search_term_string}"},"query-input":{"@type":"PropertyValueSpecification","valueRequired":true,"valueName":"search_term_string"}}],"inLanguage":"en-US"},{"@type":["Person","Organization"],"@id":"https:\/\/www.stefan-gros.de\/en\/#\/schema\/person\/3e56e01f6f2443cb5b42fb41bdc31b78","name":"Dr. Stefan Gros | CFO","image":{"@type":"ImageObject","inLanguage":"en-US","@id":"https:\/\/www.stefan-gros.de\/wp-content\/uploads\/2020\/12\/Dr-Stefan-Gros-CFO-Interim-Manager-bg-contact-02.jpg","url":"https:\/\/www.stefan-gros.de\/wp-content\/uploads\/2020\/12\/Dr-Stefan-Gros-CFO-Interim-Manager-bg-contact-02.jpg","contentUrl":"https:\/\/www.stefan-gros.de\/wp-content\/uploads\/2020\/12\/Dr-Stefan-Gros-CFO-Interim-Manager-bg-contact-02.jpg","width":1280,"height":774,"caption":"Dr. Stefan Gros | CFO"},"logo":{"@id":"https:\/\/www.stefan-gros.de\/wp-content\/uploads\/2020\/12\/Dr-Stefan-Gros-CFO-Interim-Manager-bg-contact-02.jpg"},"description":"Dr. Stefan Gros ist Chief Financial Officer und Transformation Officer ad interim. Mit seiner mehr als 25-j\u00e4hrigen Berufs- und F\u00fchrungserfahrung z\u00e4hlt er zu den Top-Executives in Deutschland f\u00fcr Unternehmen mit spezifischen Herausforderungen und komplexen Situationen.","url":"https:\/\/www.stefan-gros.de\/en\/author\/drstefangros\/"}]}},"_links":{"self":[{"href":"https:\/\/www.stefan-gros.de\/en\/wp-json\/wp\/v2\/posts\/2493","targetHints":{"allow":["GET"]}}],"collection":[{"href":"https:\/\/www.stefan-gros.de\/en\/wp-json\/wp\/v2\/posts"}],"about":[{"href":"https:\/\/www.stefan-gros.de\/en\/wp-json\/wp\/v2\/types\/post"}],"author":[{"embeddable":true,"href":"https:\/\/www.stefan-gros.de\/en\/wp-json\/wp\/v2\/users\/3"}],"replies":[{"embeddable":true,"href":"https:\/\/www.stefan-gros.de\/en\/wp-json\/wp\/v2\/comments?post=2493"}],"version-history":[{"count":0,"href":"https:\/\/www.stefan-gros.de\/en\/wp-json\/wp\/v2\/posts\/2493\/revisions"}],"wp:featuredmedia":[{"embeddable":true,"href":"https:\/\/www.stefan-gros.de\/en\/wp-json\/wp\/v2\/media\/2386"}],"wp:attachment":[{"href":"https:\/\/www.stefan-gros.de\/en\/wp-json\/wp\/v2\/media?parent=2493"}],"wp:term":[{"taxonomy":"category","embeddable":true,"href":"https:\/\/www.stefan-gros.de\/en\/wp-json\/wp\/v2\/categories?post=2493"},{"taxonomy":"post_tag","embeddable":true,"href":"https:\/\/www.stefan-gros.de\/en\/wp-json\/wp\/v2\/tags?post=2493"}],"curies":[{"name":"wp","href":"https:\/\/api.w.org\/{rel}","templated":true}]}}