{"id":3,"name":"Dr. Stefan Gros | CFO","url":"","description":"Dr. Stefan Gros ist Chief Financial Officer und Transformation Officer ad interim. Mit seiner mehr als 25-j\u00e4hrigen Berufs- und F\u00fchrungserfahrung z\u00e4hlt er zu den Top-Executives in Deutschland f\u00fcr Unternehmen mit spezifischen Herausforderungen und komplexen Situationen.","link":"https:\/\/www.stefan-gros.de\/en\/author\/drstefangros\/","slug":"drstefangros","avatar_urls":{"24":"https:\/\/www.stefan-gros.de\/wp-content\/uploads\/2020\/12\/cropped-Dr-Stefan-Gros-CFO-Interim-Manager-portrait-author-24x24.jpg","48":"https:\/\/www.stefan-gros.de\/wp-content\/uploads\/2020\/12\/cropped-Dr-Stefan-Gros-CFO-Interim-Manager-portrait-author-48x48.jpg","96":"https:\/\/www.stefan-gros.de\/wp-content\/uploads\/2020\/12\/cropped-Dr-Stefan-Gros-CFO-Interim-Manager-portrait-author-96x96.jpg"},"meta":[],"simple_local_avatar":{"media_id":2283,"full":"https:\/\/www.stefan-gros.de\/wp-content\/uploads\/2020\/12\/cropped-Dr-Stefan-Gros-CFO-Interim-Manager-portrait-author.jpg","blog_id":1,"192":"https:\/\/www.stefan-gros.de\/wp-content\/uploads\/2020\/12\/cropped-Dr-Stefan-Gros-CFO-Interim-Manager-portrait-author.jpg","96":"https:\/\/www.stefan-gros.de\/wp-content\/uploads\/2020\/12\/cropped-Dr-Stefan-Gros-CFO-Interim-Manager-portrait-author-96x96.jpg","300":"https:\/\/www.stefan-gros.de\/wp-content\/uploads\/2020\/12\/cropped-Dr-Stefan-Gros-CFO-Interim-Manager-portrait-author.jpg","44":"https:\/\/www.stefan-gros.de\/wp-content\/uploads\/2020\/12\/cropped-Dr-Stefan-Gros-CFO-Interim-Manager-portrait-author-44x44.jpg","22":"https:\/\/www.stefan-gros.de\/wp-content\/uploads\/2020\/12\/cropped-Dr-Stefan-Gros-CFO-Interim-Manager-portrait-author-22x22.jpg","24":"https:\/\/www.stefan-gros.de\/wp-content\/uploads\/2020\/12\/cropped-Dr-Stefan-Gros-CFO-Interim-Manager-portrait-author-24x24.jpg","48":"https:\/\/www.stefan-gros.de\/wp-content\/uploads\/2020\/12\/cropped-Dr-Stefan-Gros-CFO-Interim-Manager-portrait-author-48x48.jpg","64":"https:\/\/www.stefan-gros.de\/wp-content\/uploads\/2020\/12\/cropped-Dr-Stefan-Gros-CFO-Interim-Manager-portrait-author-64x64.jpg","32":"https:\/\/www.stefan-gros.de\/wp-content\/uploads\/2020\/12\/cropped-Dr-Stefan-Gros-CFO-Interim-Manager-portrait-author-32x32.jpg","500":"https:\/\/www.stefan-gros.de\/wp-content\/uploads\/2020\/12\/cropped-Dr-Stefan-Gros-CFO-Interim-Manager-portrait-author.jpg","128":"https:\/\/www.stefan-gros.de\/wp-content\/uploads\/2020\/12\/cropped-Dr-Stefan-Gros-CFO-Interim-Manager-portrait-author.jpg","52":"https:\/\/www.stefan-gros.de\/wp-content\/uploads\/2020\/12\/cropped-Dr-Stefan-Gros-CFO-Interim-Manager-portrait-author-52x52.jpg","26":"https:\/\/www.stefan-gros.de\/wp-content\/uploads\/2020\/12\/cropped-Dr-Stefan-Gros-CFO-Interim-Manager-portrait-author-26x26.jpg"},"yoast_head":"<!-- This site is optimized with the Yoast SEO plugin v27.4 - https:\/\/yoast.com\/product\/yoast-seo-wordpress\/ -->\n<title>Dr. Stefan Gros | CFO, Autor bei Dr. Stefan Gros<\/title>\n<meta name=\"robots\" content=\"index, follow, max-snippet:-1, max-image-preview:large, max-video-preview:-1\" \/>\n<link rel=\"canonical\" href=\"https:\/\/www.stefan-gros.de\/en\/author\/drstefangros\/\" \/>\n<meta property=\"og:locale\" content=\"en_US\" \/>\n<meta property=\"og:type\" content=\"profile\" \/>\n<meta property=\"og:title\" content=\"Dr. Stefan Gros | CFO, Autor bei Dr. Stefan Gros\" \/>\n<meta property=\"og:url\" content=\"https:\/\/www.stefan-gros.de\/author\/drstefangros\/\" \/>\n<meta property=\"og:site_name\" content=\"Dr. Stefan Gros\" \/>\n<meta property=\"og:image\" content=\"https:\/\/www.stefan-gros.de\/wp-content\/uploads\/2020\/12\/cropped-Dr-Stefan-Gros-CFO-Interim-Manager-portrait-author.jpg\" \/>\n<meta name=\"twitter:card\" content=\"summary_large_image\" \/>\n<script type=\"application\/ld+json\" class=\"yoast-schema-graph\">{\"@context\":\"https:\\\/\\\/schema.org\",\"@graph\":[{\"@type\":\"ProfilePage\",\"@id\":\"https:\\\/\\\/www.stefan-gros.de\\\/author\\\/drstefangros\\\/\",\"url\":\"https:\\\/\\\/www.stefan-gros.de\\\/author\\\/drstefangros\\\/\",\"name\":\"Dr. Stefan Gros | CFO, Autor bei Dr. Stefan Gros\",\"isPartOf\":{\"@id\":\"https:\\\/\\\/www.stefan-gros.de\\\/en\\\/#website\"},\"breadcrumb\":{\"@id\":\"https:\\\/\\\/www.stefan-gros.de\\\/author\\\/drstefangros\\\/#breadcrumb\"},\"inLanguage\":\"en-US\",\"potentialAction\":[{\"@type\":\"ReadAction\",\"target\":[\"https:\\\/\\\/www.stefan-gros.de\\\/author\\\/drstefangros\\\/\"]}]},{\"@type\":\"BreadcrumbList\",\"@id\":\"https:\\\/\\\/www.stefan-gros.de\\\/author\\\/drstefangros\\\/#breadcrumb\",\"itemListElement\":[{\"@type\":\"ListItem\",\"position\":1,\"name\":\"Startseite\",\"item\":\"https:\\\/\\\/www.stefan-gros.de\\\/en\\\/\"},{\"@type\":\"ListItem\",\"position\":2,\"name\":\"Archive f\u00fcr Dr. Stefan Gros | CFO\"}]},{\"@type\":\"WebSite\",\"@id\":\"https:\\\/\\\/www.stefan-gros.de\\\/en\\\/#website\",\"url\":\"https:\\\/\\\/www.stefan-gros.de\\\/en\\\/\",\"name\":\"Dr. Stefan Gros\",\"description\":\"Chief Financial Officer\",\"publisher\":{\"@id\":\"https:\\\/\\\/www.stefan-gros.de\\\/en\\\/#\\\/schema\\\/person\\\/3e56e01f6f2443cb5b42fb41bdc31b78\"},\"potentialAction\":[{\"@type\":\"SearchAction\",\"target\":{\"@type\":\"EntryPoint\",\"urlTemplate\":\"https:\\\/\\\/www.stefan-gros.de\\\/en\\\/?s={search_term_string}\"},\"query-input\":{\"@type\":\"PropertyValueSpecification\",\"valueRequired\":true,\"valueName\":\"search_term_string\"}}],\"inLanguage\":\"en-US\"},{\"@type\":[\"Person\",\"Organization\"],\"@id\":\"https:\\\/\\\/www.stefan-gros.de\\\/en\\\/#\\\/schema\\\/person\\\/3e56e01f6f2443cb5b42fb41bdc31b78\",\"name\":\"Dr. Stefan Gros | CFO\",\"image\":{\"@type\":\"ImageObject\",\"inLanguage\":\"en-US\",\"@id\":\"https:\\\/\\\/www.stefan-gros.de\\\/wp-content\\\/uploads\\\/2020\\\/12\\\/Dr-Stefan-Gros-CFO-Interim-Manager-bg-contact-02.jpg\",\"url\":\"https:\\\/\\\/www.stefan-gros.de\\\/wp-content\\\/uploads\\\/2020\\\/12\\\/Dr-Stefan-Gros-CFO-Interim-Manager-bg-contact-02.jpg\",\"contentUrl\":\"https:\\\/\\\/www.stefan-gros.de\\\/wp-content\\\/uploads\\\/2020\\\/12\\\/Dr-Stefan-Gros-CFO-Interim-Manager-bg-contact-02.jpg\",\"width\":1280,\"height\":774,\"caption\":\"Dr. Stefan Gros | CFO\"},\"logo\":{\"@id\":\"https:\\\/\\\/www.stefan-gros.de\\\/wp-content\\\/uploads\\\/2020\\\/12\\\/Dr-Stefan-Gros-CFO-Interim-Manager-bg-contact-02.jpg\"},\"description\":\"Dr. Stefan Gros ist Chief Financial Officer und Transformation Officer ad interim. Mit seiner mehr als 25-j\u00e4hrigen Berufs- und F\u00fchrungserfahrung z\u00e4hlt er zu den Top-Executives in Deutschland f\u00fcr Unternehmen mit spezifischen Herausforderungen und komplexen Situationen.\",\"mainEntityOfPage\":{\"@id\":\"https:\\\/\\\/www.stefan-gros.de\\\/author\\\/drstefangros\\\/\"}}]}<\/script>\n<!-- \/ Yoast SEO plugin. -->","yoast_head_json":{"title":"Dr. Stefan Gros | CFO, Autor bei Dr. Stefan Gros","robots":{"index":"index","follow":"follow","max-snippet":"max-snippet:-1","max-image-preview":"max-image-preview:large","max-video-preview":"max-video-preview:-1"},"canonical":"https:\/\/www.stefan-gros.de\/en\/author\/drstefangros\/","og_locale":"en_US","og_type":"profile","og_title":"Dr. Stefan Gros | CFO, Autor bei Dr. Stefan Gros","og_url":"https:\/\/www.stefan-gros.de\/author\/drstefangros\/","og_site_name":"Dr. Stefan Gros","og_image":[{"url":"https:\/\/www.stefan-gros.de\/wp-content\/uploads\/2020\/12\/cropped-Dr-Stefan-Gros-CFO-Interim-Manager-portrait-author.jpg","type":"","width":"","height":""}],"twitter_card":"summary_large_image","schema":{"@context":"https:\/\/schema.org","@graph":[{"@type":"ProfilePage","@id":"https:\/\/www.stefan-gros.de\/author\/drstefangros\/","url":"https:\/\/www.stefan-gros.de\/author\/drstefangros\/","name":"Dr. Stefan Gros | CFO, Autor bei Dr. Stefan Gros","isPartOf":{"@id":"https:\/\/www.stefan-gros.de\/en\/#website"},"breadcrumb":{"@id":"https:\/\/www.stefan-gros.de\/author\/drstefangros\/#breadcrumb"},"inLanguage":"en-US","potentialAction":[{"@type":"ReadAction","target":["https:\/\/www.stefan-gros.de\/author\/drstefangros\/"]}]},{"@type":"BreadcrumbList","@id":"https:\/\/www.stefan-gros.de\/author\/drstefangros\/#breadcrumb","itemListElement":[{"@type":"ListItem","position":1,"name":"Startseite","item":"https:\/\/www.stefan-gros.de\/en\/"},{"@type":"ListItem","position":2,"name":"Archive f\u00fcr Dr. Stefan Gros | CFO"}]},{"@type":"WebSite","@id":"https:\/\/www.stefan-gros.de\/en\/#website","url":"https:\/\/www.stefan-gros.de\/en\/","name":"Dr. Stefan Gros","description":"Chief Financial Officer","publisher":{"@id":"https:\/\/www.stefan-gros.de\/en\/#\/schema\/person\/3e56e01f6f2443cb5b42fb41bdc31b78"},"potentialAction":[{"@type":"SearchAction","target":{"@type":"EntryPoint","urlTemplate":"https:\/\/www.stefan-gros.de\/en\/?s={search_term_string}"},"query-input":{"@type":"PropertyValueSpecification","valueRequired":true,"valueName":"search_term_string"}}],"inLanguage":"en-US"},{"@type":["Person","Organization"],"@id":"https:\/\/www.stefan-gros.de\/en\/#\/schema\/person\/3e56e01f6f2443cb5b42fb41bdc31b78","name":"Dr. Stefan Gros | CFO","image":{"@type":"ImageObject","inLanguage":"en-US","@id":"https:\/\/www.stefan-gros.de\/wp-content\/uploads\/2020\/12\/Dr-Stefan-Gros-CFO-Interim-Manager-bg-contact-02.jpg","url":"https:\/\/www.stefan-gros.de\/wp-content\/uploads\/2020\/12\/Dr-Stefan-Gros-CFO-Interim-Manager-bg-contact-02.jpg","contentUrl":"https:\/\/www.stefan-gros.de\/wp-content\/uploads\/2020\/12\/Dr-Stefan-Gros-CFO-Interim-Manager-bg-contact-02.jpg","width":1280,"height":774,"caption":"Dr. Stefan Gros | CFO"},"logo":{"@id":"https:\/\/www.stefan-gros.de\/wp-content\/uploads\/2020\/12\/Dr-Stefan-Gros-CFO-Interim-Manager-bg-contact-02.jpg"},"description":"Dr. Stefan Gros ist Chief Financial Officer und Transformation Officer ad interim. Mit seiner mehr als 25-j\u00e4hrigen Berufs- und F\u00fchrungserfahrung z\u00e4hlt er zu den Top-Executives in Deutschland f\u00fcr Unternehmen mit spezifischen Herausforderungen und komplexen Situationen.","mainEntityOfPage":{"@id":"https:\/\/www.stefan-gros.de\/author\/drstefangros\/"}}]}},"elementor_introduction":{"yoast-introduction":true,"rightClick":true,"e-apps":true},"_links":{"self":[{"href":"https:\/\/www.stefan-gros.de\/en\/wp-json\/wp\/v2\/users\/3","targetHints":{"allow":["GET"]}}],"collection":[{"href":"https:\/\/www.stefan-gros.de\/en\/wp-json\/wp\/v2\/users"}]}}